{"id":13057,"global_id":"www.fundacionnaturgy.org\/ca\/?id=13057","global_id_lineage":["www.fundacionnaturgy.org\/ca\/?id=13057"],"author":"11","status":"publish","date":"2016-02-24 09:28:36","date_utc":"2016-02-24 08:28:36","modified":"2016-07-05 18:53:31","modified_utc":"2016-07-05 16:53:31","url":"https:\/\/www.fundacionnaturgy.org\/ca\/actividad\/programa-de-formacio-per-a-lexportacio-barcelona\/","rest_url":"https:\/\/www.fundacionnaturgy.org\/ca\/wp-json\/tribe\/events\/v1\/events\/13057","title":"Programa de formaci\u00f3 per a l&#8217;exportaci\u00f3, Barcelona","description":"<p>Aquest programa es va comen\u00e7ar a desenvolupar durant el segon semestre de l&#39;any 2015 a la seu de la Cambra Algeriana de Comer\u00e7 i Ind\u00fastria (CACI) de la ciutat d&#39;Alger i es clausurar\u00e0 a la seu de la Fundaci\u00f3 Gas Natural Fenosa a Sabadell (Barcelona).<\/p>\n<p>El programa s&#39;enquadra dins de l&#39;acord de col\u00b7laboraci\u00f3 signat entre la CACI, la Barcelona School of Management de la Universitat Pompeu Fabra de Barcelona i la Fundaci\u00f3 Gas Natural Fenosa.<\/p>\n<p>Els objectius espec\u00edfics d&#39;aquest programa s\u00f3n:<\/p>\n<ul>\n<li>proporcionar als participants una visi\u00f3 general de l&#39;entorn de l&#39;empresa catalana, espanyola i internacional pel que fa a temes actuals d&#39;inter\u00e8s relacionats amb la gesti\u00f3 de l&#39;empresa en el context espec\u00edfic de la Uni\u00f3 Europea.<\/li>\n<li>obtenir una visi\u00f3 internacional i una experi\u00e8ncia d&#39;aprenentatge pr\u00e0ctic per con\u00e8ixer millor les oportunitats de negoci a Espanya i a Europa.<\/li>\n<li>explorar una nova cultura i un nou entorn econ\u00f2mic i social en el seu context real.<\/li>\n<li>exposar un panorama de perspectives de possibles relacions comercials entre empreses algerianes i europees; amb l&#39;ajuda de Barcelona com a passarel\u00b7la cap a Europa.<\/li>\n<\/ul>\n<p>A aquestes jornades de Barcelona, hi assistiran 15 emprenedors algerians.<\/p>\n<p>&nbsp;<\/p>","excerpt":"<p>Des del dimecres, 24 de febrer, fins al divendres, 4 de mar\u00e7, tindr\u00e0 lloc a Barcelona la jornada final del Programa de formaci\u00f3 per a l&#8217;exportaci\u00f3 adre\u00e7at a emprenedors algerians. <\/p>","slug":"programa-de-formacio-per-a-lexportacio-barcelona","image":{"url":"https:\/\/www.fundacionnaturgy.org\/wp-content\/uploads\/2016\/02\/2015-16-INT_Argelia.jpg","id":5036,"extension":"jpg","width":335,"height":223,"sizes":{"thumbnail":{"width":150,"height":150,"mime-type":"image\/jpeg","url":"https:\/\/www.fundacionnaturgy.org\/wp-content\/uploads\/2016\/02\/2015-16-INT_Argelia-150x150.jpg"},"medium":{"width":300,"height":200,"mime-type":"image\/jpeg","url":"https:\/\/www.fundacionnaturgy.org\/wp-content\/uploads\/2016\/02\/2015-16-INT_Argelia-300x200.jpg"},"post-thumbnail":{"width":210,"height":140,"mime-type":"image\/jpeg","url":"https:\/\/www.fundacionnaturgy.org\/wp-content\/uploads\/2016\/02\/2015-16-INT_Argelia-210x140.jpg"},"eventThumbnail":{"width":220,"height":148,"mime-type":"image\/jpeg","url":"https:\/\/www.fundacionnaturgy.org\/wp-content\/uploads\/2016\/02\/2015-16-INT_Argelia-220x148.jpg"},"shop_thumbnail":{"width":180,"height":180,"mime-type":"image\/jpeg","url":"https:\/\/www.fundacionnaturgy.org\/wp-content\/uploads\/2016\/02\/2015-16-INT_Argelia-100x100.jpg"},"shop_catalog":{"width":300,"height":223,"mime-type":"image\/jpeg","url":"https:\/\/www.fundacionnaturgy.org\/wp-content\/uploads\/2016\/02\/2015-16-INT_Argelia-300x200.jpg"},"woocommerce_gallery_thumbnail":{"width":100,"height":100,"mime-type":"image\/jpeg","url":"https:\/\/www.fundacionnaturgy.org\/wp-content\/uploads\/2016\/02\/2015-16-INT_Argelia-100x100.jpg"}}},"all_day":false,"start_date":"2016-02-24 09:00:00","start_date_details":{"year":"2016","month":"02","day":"24","hour":"09","minutes":"00","seconds":"00"},"end_date":"2016-02-24 17:00:00","end_date_details":{"year":"2016","month":"02","day":"24","hour":"17","minutes":"00","seconds":"00"},"utc_start_date":"2016-02-24 08:00:00","utc_start_date_details":{"year":"2016","month":"02","day":"24","hour":"08","minutes":"00","seconds":"00"},"utc_end_date":"2016-02-24 16:00:00","utc_end_date_details":{"year":"2016","month":"02","day":"24","hour":"16","minutes":"00","seconds":"00"},"timezone":"Europe\/Madrid","timezone_abbr":"CET","cost":"","cost_details":{"currency_symbol":"","currency_position":"","values":[]},"website":"","show_map":false,"show_map_link":false,"hide_from_listings":false,"sticky":false,"featured":false,"categories":[],"tags":[],"venue":{"id":15089,"author":"11","status":"publish","date":"2016-02-24 10:18:47","date_utc":"2016-02-24 09:18:47","modified":"2016-02-24 10:18:47","modified_utc":"2016-02-24 09:18:47","url":"https:\/\/www.fundacionnaturgy.org\/ca\/recinte\/barcelona-school-of-management-de-la-universitat-pompeu-fabra-de-barcelona-3\/","venue":"Barcelona School of Management de la Universitat Pompeu Fabra de Barcelona","slug":"barcelona-school-of-management-de-la-universitat-pompeu-fabra-de-barcelona-3","json_ld":{"@type":"Place","name":"Barcelona School of Management de la Universitat Pompeu Fabra de Barcelona","description":"","url":"","address":{"@type":"PostalAddress"},"telephone":"","sameAs":""},"show_map":true,"show_map_link":true,"global_id":"www.fundacionnaturgy.org\/ca\/?id=15089","global_id_lineage":["www.fundacionnaturgy.org\/ca\/?id=15089"]},"organizer":[],"json_ld":{"@context":"http:\/\/schema.org","@type":"Event","name":"Programa de formaci\u00f3 per a l&#8217;exportaci\u00f3, Barcelona","description":"&lt;p&gt;Des del dimecres, 24 de febrer, fins al divendres, 4 de mar\u00e7, tindr\u00e0 lloc a Barcelona la jornada final del Programa de formaci\u00f3 per a l\\'exportaci\u00f3 adre\u00e7at a emprenedors algerians. &lt;\/p&gt;\\n","image":"https:\/\/www.fundacionnaturgy.org\/wp-content\/uploads\/2016\/02\/2015-16-INT_Argelia.jpg","url":"https:\/\/www.fundacionnaturgy.org\/ca\/actividad\/programa-de-formacio-per-a-lexportacio-barcelona\/","eventAttendanceMode":"https:\/\/schema.org\/OfflineEventAttendanceMode","startDate":"2016-02-24T09:00:00+01:00","endDate":"2016-02-24T17:00:00+01:00","location":{"@type":"Place","name":"Barcelona School of Management de la Universitat Pompeu Fabra de Barcelona","description":"","url":"","address":{"@type":"PostalAddress"},"telephone":"","sameAs":""},"performer":"Organization"}}