{"id":57887,"global_id":"www.fundacionnaturgy.org\/ca\/?id=57887","global_id_lineage":["www.fundacionnaturgy.org\/ca\/?id=57887"],"author":"1454","status":"publish","date":"2019-03-05 16:51:13","date_utc":"2019-03-05 15:51:13","modified":"2019-04-16 09:22:45","modified_utc":"2019-04-16 07:22:45","url":"https:\/\/www.fundacionnaturgy.org\/ca\/actividad\/seminari-etiquetatge-ambiental-de-vehicles-i-gestio-de-la-contaminacio-urbana-madrid\/","rest_url":"https:\/\/www.fundacionnaturgy.org\/ca\/wp-json\/tribe\/events\/v1\/events\/57887","title":"Seminari \u201cEtiquetatge ambiental de vehicles i gesti\u00f3 de la contaminaci\u00f3 urbana\u201d. Madrid","description":"<p>[vc_row][vc_column width=&#8221;2\/3&#8243;][vc_empty_space height=&#8221;12px&#8221;][vc_column_text]<\/p>\n<h4><span style=\"color: #e57200;\">Agenda<\/span><\/h4>\n<p><strong>09:00h<\/strong>\u00a0 <strong>Sessi\u00f3 inaugural<br \/>\n<\/strong><span style=\"color: #e57200;\">M\u00aa Eugenia\u00a0Coronado<\/span>, directora\u00a0general,\u00a0Fundaci\u00f3\u00a0Naturgy.<br \/>\n<span style=\"color: #e57200;\">Luis del Olmo Flores<span style=\"color: #000000;\">, director general de Medi Ambient i Sostenibilitat, Conselleria de Medi Ambient i Ordenaci\u00f3 del Territori, Comunitat de Madrid.<\/span><\/span><\/p>\n<p><strong>09:30h<\/strong>\u00a0 <strong>La contaminaci\u00f3 urbana procedent del transport i la salut. La situaci\u00f3 actual a Espanya<\/strong><strong><br \/>\n<\/strong><span style=\"color: #e57200;\">Andr\u00e9s Alastuey<\/span>, profesor e Investigador del CSIC.<\/p>\n<p><strong>10:00h L&#8217;experi\u00e8ncia internacional en eco \/ etiquetatge de vehicles i la lluita contra la contaminaci\u00f3 urbana<br \/>\n<\/strong><span style=\"color: #e57200;\">Richard Lofthouse<\/span>, Investigador Senior de Emissions Analytics.<\/p>\n<p><strong>10:30h L&#8217;etiquetatge ambiental dels vehicles: com es fa i per a qu\u00e8 serveix<br \/>\n<\/strong><span style=\"color: #e57200;\">Luis Fernando Velasco<\/span>, cap de l&#8217;\u00c0rea de Vehicles, Direcci\u00f3 General de Tr\u00e0nsit (DGT).<\/p>\n<p><strong>11:00h\u00a0Col\u00b7loqui<br \/>\n<\/strong><br \/>\n<strong>11:15h Pausa caf\u00e8 &#8211; Visita l&#8217;exposici\u00f3 &#8220;La qualitat de l&#8217;aire, un repte actual&#8221; i lliurament del llibre &#8220;La qualitat de l&#8217;aire a les ciutats. Un repte mundial&#8221;<\/strong><\/p>\n<p><strong>11:45h L&#8217;experi\u00e8ncia de la ciutat de Madrid a la gesti\u00f3 d&#8217;episodis per contaminaci\u00f3 atmosf\u00e8rica<br \/>\n<\/strong><span style=\"color: #e57200;\">Sra. <\/span>Ajuntament de Madrid.<\/p>\n<p><strong>12:15h L&#8217;acci\u00f3 contra la contaminaci\u00f3 urbana procedent del tr\u00e0nsit: la gesti\u00f3 de la Comunitat de Madrid<br \/>\n<\/strong><span style=\"color: #e57200;\">Ricardo Vargas<\/span>, cap d&#8217;\u00c0rea de Qualitat Atmosf\u00e8rica, direcci\u00f3 general de Medi Ambient i Sostenibilitat, Conselleria de Medi Ambient i Ordenaci\u00f3 del Territori.<\/p>\n<p><strong>12:45h\u00a0Col\u00b7loqui<\/strong><\/p>\n<p><strong>13:00h Fi del\u00a0seminari<\/strong>[\/vc_column_text][vc_separator][\/vc_column][vc_column width=&#8221;1\/3&#8243;][vc_empty_space height=&#8221;12px&#8221;][vc_column_text css=&#8221;.vc_custom_1553534757884{padding-top: 10px !important;padding-right: 25px !important;padding-bottom: 25px !important;padding-left: 25px !important;background-color: #004571 !important;border-radius: 3px !important;}&#8221;]<\/p>\n<h5 style=\"text-align: center;\"><img loading=\"lazy\" class=\"size-full wp-image-53273 aligncenter\" src=\"https:\/\/www.fundacionnaturgy.org\/wp-content\/uploads\/2018\/12\/lapiz-blanco.png\" alt=\"lapiz-blanco\" width=\"70\" height=\"70\" srcset=\"https:\/\/www.fundacionnaturgy.org\/wp-content\/uploads\/2018\/12\/lapiz-blanco.png 176w, https:\/\/www.fundacionnaturgy.org\/wp-content\/uploads\/2018\/12\/lapiz-blanco-150x150.png 150w, https:\/\/www.fundacionnaturgy.org\/wp-content\/uploads\/2018\/12\/lapiz-blanco-140x140.png 140w\" sizes=\"(max-width: 70px) 100vw, 70px\" \/><span style=\"color: #ffffff;\"><a style=\"color: #ffffff;\" href=\"https:\/\/www.fundacionnaturgy.org\/wp-content\/uploads\/2018\/12\/lapiz-blanco.png\"><br \/>\n<\/a>28 de mar\u00e7\u00a0de 2019, de 9 a 13h<\/span><br \/>\n<span style=\"color: #ffffff;\"><a style=\"color: #ffffff;\" href=\"https:\/\/www.google.es\/maps\/place\/Av.+de+San+Luis,+77,+28033+Madrid\/@40.472916,-3.6658443,17z\/data=!3m1!4b1!4m5!3m4!1s0xd42293521c8f521:0xcdad383ff54ae6ae!8m2!3d40.472916!4d-3.6636556\"><span style=\"text-decoration: underline;\">Auditori\u00a0seu\u00a0de Naturgy<\/span><br \/>\n<span style=\"text-decoration: underline;\">Av. San Luis, 77<\/span><br \/>\n<span style=\"text-decoration: underline;\">28033\u00a0Madrid<\/span><br \/>\n<\/a>Aforament limitat<\/span><\/h5>\n<p style=\"text-align: center;\"><span style=\"text-decoration: underline; color: #ffffff;\"><a style=\"text-decoration: underline; color: #ffffff;\" href=\"https:\/\/www.fundacionnaturgy.org\/wp-content\/uploads\/2019\/03\/madrid-28.03.19-cast2.pdf\">Imprimir programa<\/a><\/span><\/p>\n<p>[\/vc_column_text][\/vc_column][\/vc_row]<\/p>","excerpt":"<p>Com l\u2019etiquetatge ambiental dels autom\u00f2bils pot contribuir a reduir les emissions contaminants? Com s\u2019organitzen les Administracions implicades per fer front als episodis puntuals d\u2019alta contaminaci\u00f3 local? Quina \u00e9s l\u2019experi\u00e8ncia pr\u00f2pia i la d\u2019altres pa\u00efsos m\u00e9s avan\u00e7ats?  <\/p>","slug":"seminari-etiquetatge-ambiental-de-vehicles-i-gestio-de-la-contaminacio-urbana-madrid","image":{"url":"https:\/\/www.fundacionnaturgy.org\/wp-content\/uploads\/2018\/09\/barcelona-seminario-etiquetaje-ambiental2.jpg","id":47209,"extension":"jpg","width":1000,"height":667,"sizes":{"woocommerce_single":{"width":600,"height":400,"mime-type":"image\/jpeg","url":"https:\/\/www.fundacionnaturgy.org\/wp-content\/uploads\/2018\/09\/barcelona-seminario-etiquetaje-ambiental2-600x400.jpg"},"thumbnail":{"width":150,"height":150,"mime-type":"image\/jpeg","url":"https:\/\/www.fundacionnaturgy.org\/wp-content\/uploads\/2018\/09\/barcelona-seminario-etiquetaje-ambiental2-150x150.jpg"},"actualidad-destacado":{"width":513,"height":316,"mime-type":"image\/jpeg","url":"https:\/\/www.fundacionnaturgy.org\/wp-content\/uploads\/2018\/09\/barcelona-seminario-etiquetaje-ambiental2-513x316.jpg"},"actualidad-thumbnail":{"width":335,"height":226,"mime-type":"image\/jpeg","url":"https:\/\/www.fundacionnaturgy.org\/wp-content\/uploads\/2018\/09\/barcelona-seminario-etiquetaje-ambiental2-335x226.jpg"},"medium":{"width":300,"height":200,"mime-type":"image\/jpeg","url":"https:\/\/www.fundacionnaturgy.org\/wp-content\/uploads\/2018\/09\/barcelona-seminario-etiquetaje-ambiental2-300x200.jpg"},"medium_large":{"width":768,"height":512,"mime-type":"image\/jpeg","url":"https:\/\/www.fundacionnaturgy.org\/wp-content\/uploads\/2018\/09\/barcelona-seminario-etiquetaje-ambiental2-768x512.jpg"},"post-thumbnail":{"width":210,"height":140,"mime-type":"image\/jpeg","url":"https:\/\/www.fundacionnaturgy.org\/wp-content\/uploads\/2018\/09\/barcelona-seminario-etiquetaje-ambiental2-210x140.jpg"},"header":{"width":1000,"height":300,"mime-type":"image\/jpeg","url":"https:\/\/www.fundacionnaturgy.org\/wp-content\/uploads\/2018\/09\/barcelona-seminario-etiquetaje-ambiental2-1000x300.jpg"},"eventThumbnail":{"width":220,"height":148,"mime-type":"image\/jpeg","url":"https:\/\/www.fundacionnaturgy.org\/wp-content\/uploads\/2018\/09\/barcelona-seminario-etiquetaje-ambiental2-220x148.jpg"},"eventFeatured":{"width":450,"height":300,"mime-type":"image\/jpeg","url":"https:\/\/www.fundacionnaturgy.org\/wp-content\/uploads\/2018\/09\/barcelona-seminario-etiquetaje-ambiental2-450x300.jpg"},"event":{"width":790,"height":530,"mime-type":"image\/jpeg","url":"https:\/\/www.fundacionnaturgy.org\/wp-content\/uploads\/2018\/09\/barcelona-seminario-etiquetaje-ambiental2-790x530.jpg"},"shop_thumbnail":{"width":180,"height":180,"mime-type":"image\/jpeg","url":"https:\/\/www.fundacionnaturgy.org\/wp-content\/uploads\/2018\/09\/barcelona-seminario-etiquetaje-ambiental2-100x100.jpg"},"shop_catalog":{"width":300,"height":300,"mime-type":"image\/jpeg","url":"https:\/\/www.fundacionnaturgy.org\/wp-content\/uploads\/2018\/09\/barcelona-seminario-etiquetaje-ambiental2-300x200.jpg"},"shop_single":{"width":600,"height":600,"mime-type":"image\/jpeg","url":"https:\/\/www.fundacionnaturgy.org\/wp-content\/uploads\/2018\/09\/barcelona-seminario-etiquetaje-ambiental2-600x400.jpg"},"woocommerce_thumbnail":{"width":300,"height":300,"mime-type":"image\/jpeg","uncropped":false,"url":"https:\/\/www.fundacionnaturgy.org\/wp-content\/uploads\/2018\/09\/barcelona-seminario-etiquetaje-ambiental2-300x200.jpg"},"woocommerce_gallery_thumbnail":{"width":100,"height":100,"mime-type":"image\/jpeg","url":"https:\/\/www.fundacionnaturgy.org\/wp-content\/uploads\/2018\/09\/barcelona-seminario-etiquetaje-ambiental2-100x100.jpg"}}},"all_day":false,"start_date":"2019-03-28 09:00:00","start_date_details":{"year":"2019","month":"03","day":"28","hour":"09","minutes":"00","seconds":"00"},"end_date":"2019-03-28 13:00:00","end_date_details":{"year":"2019","month":"03","day":"28","hour":"13","minutes":"00","seconds":"00"},"utc_start_date":"2019-03-28 08:00:00","utc_start_date_details":{"year":"2019","month":"03","day":"28","hour":"08","minutes":"00","seconds":"00"},"utc_end_date":"2019-03-28 12:00:00","utc_end_date_details":{"year":"2019","month":"03","day":"28","hour":"12","minutes":"00","seconds":"00"},"timezone":"Europe\/Madrid","timezone_abbr":"CET","cost":"","cost_details":{"currency_symbol":"","currency_position":"","values":[]},"website":"","show_map":false,"show_map_link":false,"hide_from_listings":false,"sticky":false,"featured":false,"categories":[],"tags":[],"venue":[],"organizer":[],"json_ld":{"@context":"http:\/\/schema.org","@type":"Event","name":"Seminari \u201cEtiquetatge ambiental de vehicles i gesti\u00f3 de la contaminaci\u00f3 urbana\u201d. Madrid","description":"&lt;p&gt;Com l\u2019etiquetatge ambiental dels autom\u00f2bils pot contribuir a reduir les emissions contaminants? Com s\u2019organitzen les Administracions implicades per fer front als episodis puntuals d\u2019alta contaminaci\u00f3 local? Quina \u00e9s l\u2019experi\u00e8ncia pr\u00f2pia i la d\u2019altres pa\u00efsos m\u00e9s avan\u00e7ats?  &lt;\/p&gt;\\n","image":"https:\/\/www.fundacionnaturgy.org\/wp-content\/uploads\/2018\/09\/barcelona-seminario-etiquetaje-ambiental2.jpg","url":"https:\/\/www.fundacionnaturgy.org\/ca\/actividad\/seminari-etiquetatge-ambiental-de-vehicles-i-gestio-de-la-contaminacio-urbana-madrid\/","eventAttendanceMode":"https:\/\/schema.org\/OfflineEventAttendanceMode","startDate":"2019-03-28T09:00:00+01:00","endDate":"2019-03-28T13:00:00+01:00","performer":"Organization"}}