{"id":13288,"date":"2015-10-28T12:41:50","date_gmt":"2015-10-28T11:41:50","guid":{"rendered":"https:\/\/www.fundacionnaturgy.org\/ca\/blog\/el-programa-primera-exportacio-de-la-fundacio-gas-natural-fenosa-premiat-en-els-eikon-2015-de-largentina\/"},"modified":"2017-02-22T10:42:57","modified_gmt":"2017-02-22T09:42:57","slug":"el-programa-primera-exportacio-de-la-fundacio-gas-natural-fenosa-premiat-en-els-eikon-2015-de-largentina","status":"publish","type":"post","link":"https:\/\/www.fundacionnaturgy.org\/ca\/el-programa-primera-exportacio-de-la-fundacio-gas-natural-fenosa-premiat-en-els-eikon-2015-de-largentina\/","title":{"rendered":"El programa &#8220;Primera Exportaci\u00f3&#8221; de la Fundaci\u00f3 Gas Natural Fenosa premiat en els Eikon 2015 de l&#8217;Argentina"},"content":{"rendered":"<div style=\"margin-top: 0px; margin-bottom: 0px;\" class=\"sharethis-inline-share-buttons\" ><\/div><p>El programa &#8220;Primera Exportaci\u00f3&#8221; va n\u00e9ixer el 2001 a l&#8217;Argentina per promoure la internacionalitzaci\u00f3 del sector pime i t\u00e9 com a objectiu facilitar l&#8217;exportaci\u00f3 a les petites i mitjanes empreses, millorar la seva capacitat d&#8217;associar-se i oferir-los formaci\u00f3, assessorament i un seguiment totalment gratu\u00eft. Al seu torn, des de l&#8217;any passat, el programa va comen\u00e7ar a dur-se a terme amb \u00e8xit a Espanya i ben aviat es desenvolupar\u00e0 tamb\u00e9 a M\u00e8xic.<\/p>\n<p>Des de la creaci\u00f3, m\u00e9s de 50.000 empreses argentines han participat en el programa, que ofereix assessorament gratu\u00eft a les pimes que vulguin exportar o vulguin fer de l&#8217;exportaci\u00f3 un negoci, mitjan\u00e7ant confer\u00e8ncies i seminaris especialitzats en comer\u00e7 exterior. D&#8217;aquesta manera, s&#8217;han assessorat m\u00e9s de 22.000 pimes, i m\u00e9s de 28.000 han participat en algun dels 780 seminaris impartits. La formaci\u00f3 ha fet que 1.500 pimes s&#8217;hagin convertit en noves exportadores i 140 empreses han participat en els nou Viatges de Capacitaci\u00f3 i Negocis organitzats a Barcelona.<\/p>\n<p>ARGENTINA (ARGENTINA), 28 OCT 2015<\/p>\n<p>Fundaci\u00f3<\/p>\n","protected":false},"excerpt":{"rendered":"<p>En el lliurament dels premis a l&#8217;Excel\u00b7l\u00e8ncia en la Comunicaci\u00f3 que convoca la prestigiosa revista Imagen, el programa &#8220;Primera Exportaci\u00f3&#8221;, de la Fundaci\u00f3 Gas Natural Fenosa, va ser guardonat amb un premi Eikon d&#8217;or, en la categoria regional de Relacions amb la Comunitat\/RSE. El programa va n\u00e9ixer el 2001 a l&#8217;Argentina per promoure la internacionalitzaci\u00f3 del sector pime.<\/p>\n","protected":false},"author":11,"featured_media":1676,"comment_status":"closed","ping_status":"closed","sticky":false,"template":"","format":"standard","meta":{"inline_featured_image":false},"categories":[247,234],"tags":[],"content-type":[],"acf":[],"post_class":["post-13288","post","type-post","status-publish","format-standard","has-post-thumbnail","hentry","category-argentina-ca","category-internacional-ca","wordpress-sticky"],"_links":{"self":[{"href":"https:\/\/www.fundacionnaturgy.org\/ca\/wp-json\/wp\/v2\/posts\/13288"}],"collection":[{"href":"https:\/\/www.fundacionnaturgy.org\/ca\/wp-json\/wp\/v2\/posts"}],"about":[{"href":"https:\/\/www.fundacionnaturgy.org\/ca\/wp-json\/wp\/v2\/types\/post"}],"author":[{"embeddable":true,"href":"https:\/\/www.fundacionnaturgy.org\/ca\/wp-json\/wp\/v2\/users\/11"}],"replies":[{"embeddable":true,"href":"https:\/\/www.fundacionnaturgy.org\/ca\/wp-json\/wp\/v2\/comments?post=13288"}],"version-history":[{"count":0,"href":"https:\/\/www.fundacionnaturgy.org\/ca\/wp-json\/wp\/v2\/posts\/13288\/revisions"}],"wp:featuredmedia":[{"embeddable":true,"href":"https:\/\/www.fundacionnaturgy.org\/ca\/wp-json\/wp\/v2\/media\/1676"}],"wp:attachment":[{"href":"https:\/\/www.fundacionnaturgy.org\/ca\/wp-json\/wp\/v2\/media?parent=13288"}],"wp:term":[{"taxonomy":"category","embeddable":true,"href":"https:\/\/www.fundacionnaturgy.org\/ca\/wp-json\/wp\/v2\/categories?post=13288"},{"taxonomy":"post_tag","embeddable":true,"href":"https:\/\/www.fundacionnaturgy.org\/ca\/wp-json\/wp\/v2\/tags?post=13288"},{"taxonomy":"content-type","embeddable":true,"href":"https:\/\/www.fundacionnaturgy.org\/ca\/wp-json\/wp\/v2\/content-type?post=13288"}],"curies":[{"name":"wp","href":"https:\/\/api.w.org\/{rel}","templated":true}]}}