{"id":13298,"date":"2016-04-22T13:13:32","date_gmt":"2016-04-22T11:13:32","guid":{"rendered":"https:\/\/www.fundacionnaturgy.org\/ca\/blog\/el-programa-primera-exportacio-impulsa-la-internacionalitzacio-de-pimes-de-la-regio-de-murcia\/"},"modified":"2016-06-10T11:07:03","modified_gmt":"2016-06-10T09:07:03","slug":"el-programa-primera-exportacio-impulsa-la-internacionalitzacio-de-pimes-de-la-regio-de-murcia","status":"publish","type":"post","link":"https:\/\/www.fundacionnaturgy.org\/ca\/el-programa-primera-exportacio-impulsa-la-internacionalitzacio-de-pimes-de-la-regio-de-murcia\/","title":{"rendered":"El programa &#8220;Primera Exportaci\u00f3&#8221; impulsa la internacionalitzaci\u00f3 de pimes de la regi\u00f3 de M\u00farcia"},"content":{"rendered":"<div style=\"margin-top: 0px; margin-bottom: 0px;\" class=\"sharethis-inline-share-buttons\" ><\/div><p>La Fundaci\u00f3 Gas Natural Fenosa ha celebrat avui, a la Cambra Oficial de Comer\u00e7, Ind\u00fastria, Serveis i Navegaci\u00f3 de Cartagena (M\u00farcia), una jornada formativa del Programa Primera Exportaci\u00f3, en la qual ha participat l&#39;Institut de Foment de la Regi\u00f3 de M\u00farcia, i que ha reunit m\u00e9s de 50 empresaris i gerents de petites i mitjanes empreses murcianes.<\/p>\n<p>El Programa Primera Exportaci\u00f3 \u00e9s un projecte de la Fundaci\u00f3 Gas Natural Fenosa que t\u00e9 per objectiu formar i assessorar gratu\u00eftament pimes de tot el territori espanyol que vulguin fer la seva primera exportaci\u00f3, a trav\u00e9s d&#39;un complet pla de formaci\u00f3 gratu\u00eft i continu. Fins ara, hi han participat prop de 80 empreses murcianes a les quals hem de sumar les 50 d&#39;avui.<\/p>\n<p>La sessi\u00f3, que tenia el t\u00edtol &quot;Primera Exportaci\u00f3: un repte assumible per a qualsevol pime&quot;, va ser presentada pel director executiu del programa &quot;Primera Exportaci\u00f3&quot;, <strong>Emili Segura<\/strong>, qui va introduir diferents claus que s&#39;han de considerar per comen\u00e7ar a exportar: com fer un autodiagn\u00f2stic de les capacitats exportadores d&#39;una pime, decidir el m\u00e8tode d&#39;entrada idoni al primer pa\u00eds de destinaci\u00f3 o les diferents pol\u00edtiques de producte, preu, promoci\u00f3 i distribuci\u00f3 en exportaci\u00f3 per a pimes, entre altres aspectes.<\/p>\n<p>Tot seguit, el responsable de Comer\u00e7 Exterior de la regi\u00f3 de M\u00farcia de Caixabank, Francisco Javier Pascual, ha explicat als participants com reduir el risc amb els m\u00e8todes de cobrament i pagament de comer\u00e7 exterior a trav\u00e9s dels mitjans de pagament i cobrament internacionals i els riscos i avantatges que pot suposar cadascun per a l&#39;empresa exportadora.<\/p>\n<p>Despr\u00e9s d&#39;aquesta pon\u00e8ncia, el responsable de l&#39;\u00e0rea d&#39;Internacional d&#39;Iberinform (del grup Cr\u00e9dito y Cauci\u00f3n), Enrique Fern\u00e1ndez, ha fet una detallada presentaci\u00f3 sobre com identificar els mercats internacionals interessants per a cada empresa i els socis internacionals que millor encaixin amb l&#39;estrat\u00e8gia d&#39;exportaci\u00f3 de l&#39;empresa.<\/p>\n<p>Finalment, el director territorial de Comer\u00e7 i director de l&#39;ICEX a M\u00farcia (Ministeri d&#39;Economia i Competitivitat), Rafael Ortega<strong>,<\/strong> i el cap del Departament d&#39;Internacionalitzaci\u00f3 i Inversions de l&#39;Institut de Foment de la regi\u00f3 de M\u00farcia, Fernando D\u00edaz, van presentar els suports que ofereixen aquestes entitats a les empreses de la regi\u00f3 en els seus processos d&#39;internacionalitzaci\u00f3.<\/p>\n<p style=\"text-align: right;\">Cartagena, 21 d&#39;abril de 2016<\/p>\n","protected":false},"excerpt":{"rendered":"<p>Avui ha tingut lloc a Cartagena (M\u00farcia) una sessi\u00f3 formativa del programa &#8220;Primera Exportaci\u00f3&#8221;, un projecte per formar i assessorar gratu\u00eftament pimes que vulguin exportar per primera vegada, de la m\u00e0 de la Fundaci\u00f3 Gas Natural Fenosa. <\/p>\n","protected":false},"author":11,"featured_media":8495,"comment_status":"closed","ping_status":"closed","sticky":false,"template":"","format":"standard","meta":{"inline_featured_image":false},"categories":[245],"tags":[],"content-type":[],"acf":[],"post_class":["post-13298","post","type-post","status-publish","format-standard","has-post-thumbnail","hentry","category-programa-primera-exportacio","wordpress-sticky"],"_links":{"self":[{"href":"https:\/\/www.fundacionnaturgy.org\/ca\/wp-json\/wp\/v2\/posts\/13298"}],"collection":[{"href":"https:\/\/www.fundacionnaturgy.org\/ca\/wp-json\/wp\/v2\/posts"}],"about":[{"href":"https:\/\/www.fundacionnaturgy.org\/ca\/wp-json\/wp\/v2\/types\/post"}],"author":[{"embeddable":true,"href":"https:\/\/www.fundacionnaturgy.org\/ca\/wp-json\/wp\/v2\/users\/11"}],"replies":[{"embeddable":true,"href":"https:\/\/www.fundacionnaturgy.org\/ca\/wp-json\/wp\/v2\/comments?post=13298"}],"version-history":[{"count":0,"href":"https:\/\/www.fundacionnaturgy.org\/ca\/wp-json\/wp\/v2\/posts\/13298\/revisions"}],"wp:featuredmedia":[{"embeddable":true,"href":"https:\/\/www.fundacionnaturgy.org\/ca\/wp-json\/wp\/v2\/media\/8495"}],"wp:attachment":[{"href":"https:\/\/www.fundacionnaturgy.org\/ca\/wp-json\/wp\/v2\/media?parent=13298"}],"wp:term":[{"taxonomy":"category","embeddable":true,"href":"https:\/\/www.fundacionnaturgy.org\/ca\/wp-json\/wp\/v2\/categories?post=13298"},{"taxonomy":"post_tag","embeddable":true,"href":"https:\/\/www.fundacionnaturgy.org\/ca\/wp-json\/wp\/v2\/tags?post=13298"},{"taxonomy":"content-type","embeddable":true,"href":"https:\/\/www.fundacionnaturgy.org\/ca\/wp-json\/wp\/v2\/content-type?post=13298"}],"curies":[{"name":"wp","href":"https:\/\/api.w.org\/{rel}","templated":true}]}}