{"id":21040,"date":"2016-09-19T16:19:50","date_gmt":"2016-09-19T14:19:50","guid":{"rendered":"https:\/\/www.fundacionnaturgy.org\/ca\/blog\/leficiencia-energetica-i-el-gas-natural-son-aliats-clau-per-aconseguir-els-objectius-de-reduccio-demissions-a-la-ue\/"},"modified":"2016-09-19T16:19:50","modified_gmt":"2016-09-19T14:19:50","slug":"leficiencia-energetica-i-el-gas-natural-son-aliats-clau-per-aconseguir-els-objectius-de-reduccio-demissions-a-la-ue","status":"publish","type":"post","link":"https:\/\/www.fundacionnaturgy.org\/ca\/leficiencia-energetica-i-el-gas-natural-son-aliats-clau-per-aconseguir-els-objectius-de-reduccio-demissions-a-la-ue\/","title":{"rendered":"L&#8217;efici\u00e8ncia energ\u00e8tica i el gas natural s\u00f3n aliats clau per aconseguir els objectius de reducci\u00f3 d&#8217;emissions a la UE"},"content":{"rendered":"<div style=\"margin-top: 0px; margin-bottom: 0px;\" class=\"sharethis-inline-share-buttons\" ><\/div><p>El president de GAS NATURAL FENOSA, <b>Salvador Gabarr\u00f3<\/b>; el comissari europeu de Pol\u00edtica Clim\u00e0tica i Energia, <b>Miguel Arias Ca\u00f1ete<\/b>, i el secretari general de la Presid\u00e8ncia de la Generalitat de Catalunya,<b> Joaquim Nin<\/b>, han inaugurat avui a Barcelona la jornada \u201cEmisiones, eficiencia energ\u00e9tica y gas natural\u201d,<b> <\/b>organitzada per la Fundaci\u00f3 Gas Natural Fenosa. <\/p>\n<p>Al seminari, que ha estat clausurat pel director general de Negocis Minoristes d\u2019Energia de GAS NATURAL FENOSA, <b>Daniel L\u00f3pez Jord\u00e0<\/b>, i el director general de la Fundaci\u00f3 Gas Natural Fenosa, <b>Mart\u00ed Sol\u00e0<\/b>, hi han assistit m\u00e9s de 350 professionals d&#39;empreses, enginyeries, universitats i administracions p\u00fabliques. <\/p>\n<p>La Uni\u00f3 Europea estudia procediments rendibles per aconseguir que l&#39;economia europea sigui m\u00e9s respectuosa amb el clima i consumeixi menys energia. L&#39;efici\u00e8ncia energ\u00e8tica i l&#39;\u00fas del gas natural s\u00f3n aspectes essencials dins de l&#39;estrat\u00e8gia europea per a un creixement sostenible, i una de les formes m\u00e9s rendibles per refor\u00e7ar la seguretat de l\u2019abastiment energ\u00e8tic i per reduir les emissions de gasos d&#39;efecte hivernacle. <\/p>\n<p>En aquest aspecte, el president de GAS NATURAL FENOSA, <b>Salvador Gabarr\u00f3<\/b>, ha remarcat durant la seva intervenci\u00f3: \u201cEl gas natural pot jugar un paper decisiu en el <i>mix<\/i> energ\u00e8tic de la UE per aconseguir un sistema m\u00e9s descarbonitzat, a trav\u00e9s d&#39;iniciatives com la cogeneraci\u00f3 en ind\u00fastries i al sector residencial.\u201d Segons l&#39;informe <i>U<\/i><i>n modelo energ\u00e9tico sostenible para Espa\u00f1a en 2050<\/i>, elaborat per Deloitte, \u00e9s necess\u00e0ria una transici\u00f3 intel\u00b7ligent i flexible, que garanteixi el compliment dels objectius a llarg termini, ja que les noves tecnologies que faran possible la descarbonitzaci\u00f3 tenen encara un llarg cam\u00ed de maduraci\u00f3. <\/p>\n<p>Aix\u00ed, Salvador Gabarr\u00f3 va recordar el paper clau del gas natural en el <i>mix<\/i> de generaci\u00f3 el\u00e8ctrica i com a <i>back up<\/i> de les energies renovables, i ha posat \u00e8mfasi en \u201cel rol que el gas natural pot exercir per reduir les emissions del transport terrestre i mar\u00edtim, que \u00e9s un altre dels principals focus de contaminaci\u00f3 atmosf\u00e8rica.\u201d <\/p>\n<p><b>Efici\u00e8ncia energ\u00e8tica i emissions<\/b> <\/p>\n<p>Un primer debat, sobre efici\u00e8ncia energ\u00e8tica i emissions, ha estat moderat per l&#39;assessor executiu de la Fundaci\u00f3 Gas Natural Fenosa, <b>Manuel Ludevid<\/b>, i hi ha participat el director de Seguretat i Mercats Energ\u00e8tics de l&#39;Ag\u00e8ncia Internacional de l&#39;Energia, <b>Keisuke Sadamori<\/b>; el catedr\u00e0tic de la Universitat Pompeu Fabra, <b>Jordi Sunyer<\/b>, i el membre de COGEN Europe, <b>\u00d3<\/b><b>scar Cubero<\/b>. <\/p>\n<p>Durant les seves intervencions, els ponents han exposat les tend\u00e8ncies mundials i europees de l&#39;efici\u00e8ncia energ\u00e8tica, mitjan\u00e7ant les quals han ofert informaci\u00f3 sobre l&#39;evoluci\u00f3 de l&#39;efici\u00e8ncia energ\u00e8tica per sectors i per pa\u00efsos aix\u00ed com el seu impacte quantificat en la reducci\u00f3 d&#39;emissions. Aix\u00ed mateix, han posat sobre la taula els efectes per a la salut de la contaminaci\u00f3 urbana. <\/p>\n<p>Tamb\u00e9 han repassat l&#39;aportaci\u00f3 de la cogeneraci\u00f3 a la reducci\u00f3 d&#39;emissions i han explicat que Espanya, mitjan\u00e7ant les mesures d&#39;est\u00edmul adequades, podria arribar a una producci\u00f3 el\u00e8ctrica anual estimada amb cogeneraci\u00f3 d&#39;uns 120 TWh\/any. Tanmateix, han recordat que la falta d&#39;un suport<b> <\/b>decidit a aquesta tecnologia ha provocat una paralitzaci\u00f3 de plantes i una important caiguda en la generaci\u00f3 el\u00e8ctrica per cogeneraci\u00f3. <\/p>\n<p><b>El gas natural i la reducci\u00f3 d&#39;emissions<\/b> <\/p>\n<p>El segon debat, sobre el gas natural i la reducci\u00f3 de les emissions, ha estat moderat pel president de Sedigas i director general de Negocis Regulats de GAS NATURAL FENOSA, <b>Antoni Peris<\/b>, i ha comptat amb la participaci\u00f3 del secretari general per a la Mobilitat de la Federaci\u00f3 Internacional de l&#39;Autom\u00f2bil, <b>Andrew Mckellar<\/b>; el president de Balearia, <b>Adolfo Utor<\/b>; el president i conseller delegat de W\u00e4rtsil\u00e4, <b>Jaakko Eskola<\/b>, i el conseller delegat d&#39;Iveco Espa\u00f1a, <b>Jaime Revilla<\/b>. <\/p>\n<p>Els ponents han explicat que el gas natural \u00e9s l&#39;\u00fanica alternativa econ\u00f2micament rendible als combustibles convencionals en el transport pesat i \u00e9s la soluci\u00f3 per al problema mediambiental a curt termini a les ciutats. A m\u00e9s, el GNL es perfila com el combustible que liderar\u00e0 un nou temps en el transport mar\u00edtim. De fet, Espanya \u00e9s un l\u00edder mundial en el coneixement i \u00fas de la tecnologia del GNL, la qual cosa la pot portar a exportar els productes i serveis amb el conseg\u00fcent impacte positiu en el PIB i l\u2019ocupaci\u00f3. <\/p>\n<p>Entre els seus avantatges, el gas natural aporta una diversificaci\u00f3 energ\u00e8tica m\u00e9s important ja que redueix la depend\u00e8ncia del petroli. T\u00e9 avantatges ambientals, perqu\u00e8 suposa una reducci\u00f3 de les emissions de di\u00f2xid de carboni (CO<sub>2<\/sub>) fins a un 20%, la qual cosa contribueix a pal\u00b7liar l&#39;efecte hivernacle. Aix\u00ed mateix, redueix les emissions d&#39;\u00f2xids de nitrogen (NOx) fins a un 85%, i evita<b> <\/b>l\u2019emissi\u00f3 d\u2019\u00f2xids de sofre (SOx) i part\u00edcules en suspensi\u00f3, la qual cosa millora la qualitat de l&#39;aire. Tamb\u00e9 presenta avantatges econ\u00f2mics: l&#39;amortitzaci\u00f3 del canvi a gas natural \u00e9s de menys d&#39;un any en un vehicle lleuger, de dos anys en un vehicle pesat i de cinc anys en un ferri de mitjana dist\u00e0ncia.<b>\u00a0<\/b> <\/p>\n<p align=\"right\"><b>Barcelona, 19 de setembre de 2016.<\/b><\/p>\n","protected":false},"excerpt":{"rendered":"<p>Un panel d&#39;experts reunit avui a Barcelona ha analitzat el paper del gas natural en l&#39;estrat\u00e8gia europea per a un creixement sostenible, a trav\u00e9s d&#39;iniciatives com la cogeneraci\u00f3 en ind\u00fastries i en el sector residencial. <\/p>\n<p>A trav\u00e9s de dues taules de debat, la jornada organitzada per la Fundaci\u00f3 Gas Natural Fenosa ha abordat tamb\u00e9 el rol del gas natural en el transport terrestre i mar\u00edtim. <\/p>\n","protected":false},"author":11,"featured_media":20533,"comment_status":"closed","ping_status":"closed","sticky":false,"template":"","format":"standard","meta":{"inline_featured_image":false},"categories":[240],"tags":[251,346,348],"content-type":[],"acf":[],"post_class":["post-21040","post","type-post","status-publish","format-standard","has-post-thumbnail","hentry","category-energia-i-medi-ambient","tag-energia-ca","tag-professionals","tag-seminaris","wordpress-sticky"],"_links":{"self":[{"href":"https:\/\/www.fundacionnaturgy.org\/ca\/wp-json\/wp\/v2\/posts\/21040"}],"collection":[{"href":"https:\/\/www.fundacionnaturgy.org\/ca\/wp-json\/wp\/v2\/posts"}],"about":[{"href":"https:\/\/www.fundacionnaturgy.org\/ca\/wp-json\/wp\/v2\/types\/post"}],"author":[{"embeddable":true,"href":"https:\/\/www.fundacionnaturgy.org\/ca\/wp-json\/wp\/v2\/users\/11"}],"replies":[{"embeddable":true,"href":"https:\/\/www.fundacionnaturgy.org\/ca\/wp-json\/wp\/v2\/comments?post=21040"}],"version-history":[{"count":0,"href":"https:\/\/www.fundacionnaturgy.org\/ca\/wp-json\/wp\/v2\/posts\/21040\/revisions"}],"wp:featuredmedia":[{"embeddable":true,"href":"https:\/\/www.fundacionnaturgy.org\/ca\/wp-json\/wp\/v2\/media\/20533"}],"wp:attachment":[{"href":"https:\/\/www.fundacionnaturgy.org\/ca\/wp-json\/wp\/v2\/media?parent=21040"}],"wp:term":[{"taxonomy":"category","embeddable":true,"href":"https:\/\/www.fundacionnaturgy.org\/ca\/wp-json\/wp\/v2\/categories?post=21040"},{"taxonomy":"post_tag","embeddable":true,"href":"https:\/\/www.fundacionnaturgy.org\/ca\/wp-json\/wp\/v2\/tags?post=21040"},{"taxonomy":"content-type","embeddable":true,"href":"https:\/\/www.fundacionnaturgy.org\/ca\/wp-json\/wp\/v2\/content-type?post=21040"}],"curies":[{"name":"wp","href":"https:\/\/api.w.org\/{rel}","templated":true}]}}