{"id":41990,"date":"2018-03-12T12:11:13","date_gmt":"2018-03-12T11:11:13","guid":{"rendered":"https:\/\/www.fundacionnaturgy.org\/ca\/blog\/el-mac-de-la-fundacio-gas-natural-fenosa-i-lobra-social-la-caixa-impulsen-nous-projectes-de-suport-social-a-les-instal%c2%b7lacions-del-museu\/"},"modified":"2019-05-29T17:04:56","modified_gmt":"2019-05-29T15:04:56","slug":"el-mac-de-la-fundacio-gas-natural-fenosa-i-lobra-social-la-caixa-impulsen-nous-projectes-de-suport-social-a-les-instal%c2%b7lacions-del-museu","status":"publish","type":"post","link":"https:\/\/www.fundacionnaturgy.org\/ca\/el-mac-de-la-fundacio-gas-natural-fenosa-i-lobra-social-la-caixa-impulsen-nous-projectes-de-suport-social-a-les-instal%c2%b7lacions-del-museu\/","title":{"rendered":"El MAC de la Fundaci\u00f3 Gas Natural Fenosa i l&#8217;Obra Social &#8220;la Caixa&#8221; impulsen nous projectes de suport social a les instal\u00b7lacions del museu"},"content":{"rendered":"<div style=\"margin-top: 0px; margin-bottom: 0px;\" class=\"sharethis-inline-share-buttons\" ><\/div><p>L\u2019Obra Social \u201dla Caixa\u201d i el Museu d\u2019Art Contemporani Gas Natural Fenosa (MAC) reforcen la seva col\u00b7laboraci\u00f3 amb la posada en marxa de noves iniciatives que amplien el programa social que duu a terme aquesta \u00faltima entitat.<\/p>\n<p>En concret, ambdues parts impulsaran un programa de suport social per a fam\u00edlies en risc de pobresa que atendr\u00e0 vint-i-cinc nens d\u2019entre 4 i 10 anys, alguns amb diversitat funcional. Berenars saludables, refor\u00e7 acad\u00e8mic i formatiu, activitats de lleure saludables i altres accions complement\u00e0ries s\u00f3n algunes de les propostes que preveu aquest programa que s\u2019estendr\u00e0 durant tot l\u2019any. Els nens estaran atesos per personal t\u00e8cnic i acompanyats per voluntaris de Gas Natural Fenosa i \u201dla Caixa\u201d.<\/p>\n<p><a href=\"http:\/\/www.prensa.gasnaturalfenosa.com\/el-museo-de-arte-contemporaneo-gas-natural-fenosa-y-la-caixa-impulsan-nuevos-proyectos-de-apoyo-social-en-las-instalaciones-del-museo\/\" target=\"_blank\">Vegeu sala de premsa<\/a><\/p>\n","protected":false},"excerpt":{"rendered":"<p>Vint-i-cinc nens en risc d\u2019exclusi\u00f3 social participaran dues vegades a la setmana en un programa d\u2019atenci\u00f3 integral al MAC.<\/p>\n<p>Aquesta iniciativa s\u2019uneix a Acompa\u00f1@arte, el programa de suport a trav\u00e9s de l\u2019art adre\u00e7at a persones en situaci\u00f3 d\u2019a\u00efllament social, en el qual ambdues entitats col\u00b7laboren des del 2015.<\/p>\n<p>L\u2019Obra Social \u201dla Caixa\u201d, que aporta 40.000 \u20ac per al desenvolupament d\u2019ambd\u00f3s projectes, estudia amb el MAC noves vies de col\u00b7laboraci\u00f3 culturals, socials i d\u2019educaci\u00f3.<\/p>\n","protected":false},"author":1454,"featured_media":41959,"comment_status":"closed","ping_status":"closed","sticky":false,"template":"","format":"standard","meta":{"inline_featured_image":false},"categories":[917,477],"tags":[],"content-type":[],"acf":[],"post_class":["post-41990","post","type-post","status-publish","format-standard","has-post-thumbnail","hentry","category-accio-social-ca","category-mac-ca","wordpress-sticky"],"_links":{"self":[{"href":"https:\/\/www.fundacionnaturgy.org\/ca\/wp-json\/wp\/v2\/posts\/41990"}],"collection":[{"href":"https:\/\/www.fundacionnaturgy.org\/ca\/wp-json\/wp\/v2\/posts"}],"about":[{"href":"https:\/\/www.fundacionnaturgy.org\/ca\/wp-json\/wp\/v2\/types\/post"}],"author":[{"embeddable":true,"href":"https:\/\/www.fundacionnaturgy.org\/ca\/wp-json\/wp\/v2\/users\/1454"}],"replies":[{"embeddable":true,"href":"https:\/\/www.fundacionnaturgy.org\/ca\/wp-json\/wp\/v2\/comments?post=41990"}],"version-history":[{"count":0,"href":"https:\/\/www.fundacionnaturgy.org\/ca\/wp-json\/wp\/v2\/posts\/41990\/revisions"}],"wp:featuredmedia":[{"embeddable":true,"href":"https:\/\/www.fundacionnaturgy.org\/ca\/wp-json\/wp\/v2\/media\/41959"}],"wp:attachment":[{"href":"https:\/\/www.fundacionnaturgy.org\/ca\/wp-json\/wp\/v2\/media?parent=41990"}],"wp:term":[{"taxonomy":"category","embeddable":true,"href":"https:\/\/www.fundacionnaturgy.org\/ca\/wp-json\/wp\/v2\/categories?post=41990"},{"taxonomy":"post_tag","embeddable":true,"href":"https:\/\/www.fundacionnaturgy.org\/ca\/wp-json\/wp\/v2\/tags?post=41990"},{"taxonomy":"content-type","embeddable":true,"href":"https:\/\/www.fundacionnaturgy.org\/ca\/wp-json\/wp\/v2\/content-type?post=41990"}],"curies":[{"name":"wp","href":"https:\/\/api.w.org\/{rel}","templated":true}]}}