{"id":48772,"date":"2018-10-17T12:28:53","date_gmt":"2018-10-17T10:28:53","guid":{"rendered":"https:\/\/www.fundacionnaturgy.org\/ca\/blog\/la-fundacio-naturgy-activa-un-fons-solidari-per-a-la-rehabilitacio-energetica-dhabitatges-de-families-en-situacio-de-vulnerabilitat\/"},"modified":"2019-05-29T17:00:50","modified_gmt":"2019-05-29T15:00:50","slug":"la-fundacio-naturgy-activa-un-fons-solidari-per-a-la-rehabilitacio-energetica-dhabitatges-de-families-en-situacio-de-vulnerabilitat","status":"publish","type":"post","link":"https:\/\/www.fundacionnaturgy.org\/ca\/la-fundacio-naturgy-activa-un-fons-solidari-per-a-la-rehabilitacio-energetica-dhabitatges-de-families-en-situacio-de-vulnerabilitat\/","title":{"rendered":"La Fundaci\u00f3 Naturgy activa un fons solidari per a la rehabilitaci\u00f3 energ\u00e8tica d\u2019habitatges de fam\u00edlies en situaci\u00f3 de vulnerabilitat"},"content":{"rendered":"<div style=\"margin-top: 0px; margin-bottom: 0px;\" class=\"sharethis-inline-share-buttons\" ><\/div><p>La Fundaci\u00f3 Naturgy ha activat avui el Fons Solidari de Rehabilitaci\u00f3 Energ\u00e8tica amb l\u2019objectiu de finan\u00e7ar millores en habitatges de col\u00b7lectius en risc de vulnerabilitat, inicialment a les comunitats de Gal\u00edcia, Catalunya i Madrid.<\/p>\n<p>La Fundaci\u00f3 de la companyia energ\u00e8tica busca donar suport als col\u00b7lectius m\u00e9s desfavorits, gr\u00e0cies a millores substancials de les seves cases en mat\u00e8ria de rehabilitaci\u00f3, equipament i efici\u00e8ncia energ\u00e8tica. \u00abLa nostra Fundaci\u00f3 \u00e9s la donant principal d\u2019aquest fons que ara comen\u00e7a a funcionar i amb el qual confiem poder ajudar els col\u00b7lectius m\u00e9s vulnerables i mantenir activa la nostra l\u00ednia d\u2019acci\u00f3 per lluitar contra la pobresa energ\u00e8tica\u00bb, ha indicat el director general de la Fundaci\u00f3 Naturgy, <b>Mart\u00ed Sol\u00e0<\/b>.<\/p>\n<p>L\u2019import econ\u00f2mic inicial aportat per la Fundaci\u00f3 es destinar\u00e0 a tres l\u00ednies d\u2019actuaci\u00f3 principals. D\u2019una banda, la rehabilitaci\u00f3 expressa d\u2019habitatges per millorar l\u2019efici\u00e8ncia energ\u00e8tica i per a l\u2019equipament als habitatges tant de reparaci\u00f3 com de substituci\u00f3. D\u2019altra banda, les accions que preveu el Fons tamb\u00e9 van dirigides a l\u2019adequaci\u00f3 a la normativa b\u00e0sica per garantir el subministrament per complir la normativa de seguretat, tant en instal\u00b7lacions d&#8217;electricitat com de gas.<\/p>\n<p>Els beneficiaris del Fons de la Fundaci\u00f3 Naturgy seran aquelles persones en situaci\u00f3 de vulnerabilitat que siguin o b\u00e9 propietaris o b\u00e9 llogaters dels habitatges que es rehabiliten. Caldr\u00e0 que les persones que es benefici\u00efn del Fons siguin ateses per entitats del Tercer Sector amb les quals la Fundaci\u00f3 tingui acords de col\u00b7laboraci\u00f3 o visquin en pisos la titularitat i gesti\u00f3 dels quals siguin d\u2019entitats del Tercer Sector o administracions.<\/p>\n<p><b>Obert a la ciutadania<\/b><\/p>\n<p>A m\u00e9s de l\u2019aportaci\u00f3 de la Fundaci\u00f3 Naturgy, el Fons Solidari de Rehabilitaci\u00f3 Energ\u00e8tica est\u00e0 obert a les contribucions volunt\u00e0ries que vulgui fer qualsevol ciutad\u00e0. \u00abM\u00e9s enll\u00e0 de les aportacions de la Fundaci\u00f3 Naturgy, qualsevol persona que vulgui pot contribuir al fons: clients, empleats, prove\u00efdors, ciutadans en general, ja siguin persones f\u00edsiques, associacions o un altre tipus d\u2019entitat\u00bb, ha explicat Mart\u00ed Sol\u00e0.<\/p>\n<p><a href=\"http:\/\/www.prensa.naturgy.com\/fundacion-naturgy-activa-fondo-solidario-rehabilitacion-energetica\/\" target=\"_blank\">Vegeu sala de premsa<\/a><\/p>\n","protected":false},"excerpt":{"rendered":"<p>La Fundaci\u00f3 de la companyia energ\u00e8tica llan\u00e7a el Fons Solidari de Rehabilitaci\u00f3 Energ\u00e8tica per donar suport a les fam\u00edlies m\u00e9s vulnerables, inicialment de Gal\u00edcia, Madrid i Catalunya, tot i que ser\u00e0 extensible a m\u00e9s comunitats.<\/p>\n","protected":false},"author":1454,"featured_media":47107,"comment_status":"closed","ping_status":"closed","sticky":false,"template":"","format":"standard","meta":{"inline_featured_image":false},"categories":[917,1007],"tags":[853],"content-type":[],"acf":[],"post_class":["post-48772","post","type-post","status-publish","format-standard","has-post-thumbnail","hentry","category-accio-social-ca","category-fons-solidari-ca","tag-fons-solidari","wordpress-sticky"],"_links":{"self":[{"href":"https:\/\/www.fundacionnaturgy.org\/ca\/wp-json\/wp\/v2\/posts\/48772"}],"collection":[{"href":"https:\/\/www.fundacionnaturgy.org\/ca\/wp-json\/wp\/v2\/posts"}],"about":[{"href":"https:\/\/www.fundacionnaturgy.org\/ca\/wp-json\/wp\/v2\/types\/post"}],"author":[{"embeddable":true,"href":"https:\/\/www.fundacionnaturgy.org\/ca\/wp-json\/wp\/v2\/users\/1454"}],"replies":[{"embeddable":true,"href":"https:\/\/www.fundacionnaturgy.org\/ca\/wp-json\/wp\/v2\/comments?post=48772"}],"version-history":[{"count":0,"href":"https:\/\/www.fundacionnaturgy.org\/ca\/wp-json\/wp\/v2\/posts\/48772\/revisions"}],"wp:featuredmedia":[{"embeddable":true,"href":"https:\/\/www.fundacionnaturgy.org\/ca\/wp-json\/wp\/v2\/media\/47107"}],"wp:attachment":[{"href":"https:\/\/www.fundacionnaturgy.org\/ca\/wp-json\/wp\/v2\/media?parent=48772"}],"wp:term":[{"taxonomy":"category","embeddable":true,"href":"https:\/\/www.fundacionnaturgy.org\/ca\/wp-json\/wp\/v2\/categories?post=48772"},{"taxonomy":"post_tag","embeddable":true,"href":"https:\/\/www.fundacionnaturgy.org\/ca\/wp-json\/wp\/v2\/tags?post=48772"},{"taxonomy":"content-type","embeddable":true,"href":"https:\/\/www.fundacionnaturgy.org\/ca\/wp-json\/wp\/v2\/content-type?post=48772"}],"curies":[{"name":"wp","href":"https:\/\/api.w.org\/{rel}","templated":true}]}}