{"id":51711,"date":"2017-05-03T15:15:57","date_gmt":"2017-05-03T13:15:57","guid":{"rendered":"https:\/\/www.fundacionnaturgy.org\/ca\/blog\/fundacio-gas-natural-fenosa-participa-projecte-vida-professional-provp\/"},"modified":"2017-05-03T15:15:57","modified_gmt":"2017-05-03T13:15:57","slug":"fundacio-gas-natural-fenosa-participa-projecte-vida-professional-provp","status":"publish","type":"post","link":"https:\/\/www.fundacionnaturgy.org\/ca\/fundacio-gas-natural-fenosa-participa-projecte-vida-professional-provp\/","title":{"rendered":"La Fundaci\u00f3 Gas Natural Fenosa participa en el Projecte de Vida Professional (ProVP)"},"content":{"rendered":"<div style=\"margin-top: 0px; margin-bottom: 0px;\" class=\"sharethis-inline-share-buttons\" ><\/div><p>La Fundaci\u00f3 Gas Natural Fenosa va rebre la visita d\u2019una vintena d\u2019alumnes de Batxillerat, participants en el Projecte de Vida Professional (ProVP) impulsat per <strong>Barcelona Activa, el Consorci d\u2019Educaci\u00f3 de Barcelona, la Fundaci\u00f3 BCN Formaci\u00f3 Professional, FemCat i \u00c0rea Metropolitana de Barcelona<\/strong>. L\u2019experi\u00e8ncia educativa t\u00e9 com a missi\u00f3 ser el principal instrument per a l\u2019orientaci\u00f3 i l\u2019educaci\u00f3 envers el treball de l\u2019alumnat de secund\u00e0ria obligat\u00f2ria i postobligat\u00f2ria de Barcelona, tot complementant la tasca orientadora del professorat als centres educatius.<\/p>\n<p>A la Fundaci\u00f3 Gas Natural Fenosa, els alumnes van ser rebuts per la directora del Museu del Gas, <strong>Eva Buch<\/strong>, la cap d\u2019Energia i Medi Ambient, <strong>Laia Gelabert<\/strong>, i el director executiu del Programa Primera Exportaci\u00f3, <strong>Emili Segura<\/strong>. A trav\u00e9s de la visita a la instituci\u00f3, l\u2019alumnat va identificar els diferents perfils professionals existents en l\u2019equip de treball, amb l\u2019objectiu de facilitar la presa de decisions en l\u2019educaci\u00f3 superior dels futurs professionals.<\/p>\n","protected":false},"excerpt":{"rendered":"<p>El Projecte de Vida Professional \u00e9s una eina de suport a l\u2019orientaci\u00f3 acad\u00e8mica i professional a disposici\u00f3 de tots els alumnes i professors dels centres escolars de la ciutat de Barcelona.<\/p>\n","protected":false},"author":1454,"featured_media":49854,"comment_status":"closed","ping_status":"closed","sticky":false,"template":"","format":"standard","meta":{"inline_featured_image":false},"categories":[242],"tags":[391],"content-type":[],"acf":[],"post_class":["post-51711","post","type-post","status-publish","format-standard","has-post-thumbnail","hentry","category-educacio-divulgacio","tag-museu-del-gas","wordpress-sticky"],"_links":{"self":[{"href":"https:\/\/www.fundacionnaturgy.org\/ca\/wp-json\/wp\/v2\/posts\/51711"}],"collection":[{"href":"https:\/\/www.fundacionnaturgy.org\/ca\/wp-json\/wp\/v2\/posts"}],"about":[{"href":"https:\/\/www.fundacionnaturgy.org\/ca\/wp-json\/wp\/v2\/types\/post"}],"author":[{"embeddable":true,"href":"https:\/\/www.fundacionnaturgy.org\/ca\/wp-json\/wp\/v2\/users\/1454"}],"replies":[{"embeddable":true,"href":"https:\/\/www.fundacionnaturgy.org\/ca\/wp-json\/wp\/v2\/comments?post=51711"}],"version-history":[{"count":0,"href":"https:\/\/www.fundacionnaturgy.org\/ca\/wp-json\/wp\/v2\/posts\/51711\/revisions"}],"wp:featuredmedia":[{"embeddable":true,"href":"https:\/\/www.fundacionnaturgy.org\/ca\/wp-json\/wp\/v2\/media\/49854"}],"wp:attachment":[{"href":"https:\/\/www.fundacionnaturgy.org\/ca\/wp-json\/wp\/v2\/media?parent=51711"}],"wp:term":[{"taxonomy":"category","embeddable":true,"href":"https:\/\/www.fundacionnaturgy.org\/ca\/wp-json\/wp\/v2\/categories?post=51711"},{"taxonomy":"post_tag","embeddable":true,"href":"https:\/\/www.fundacionnaturgy.org\/ca\/wp-json\/wp\/v2\/tags?post=51711"},{"taxonomy":"content-type","embeddable":true,"href":"https:\/\/www.fundacionnaturgy.org\/ca\/wp-json\/wp\/v2\/content-type?post=51711"}],"curies":[{"name":"wp","href":"https:\/\/api.w.org\/{rel}","templated":true}]}}