{"id":61379,"date":"2019-04-01T18:00:48","date_gmt":"2019-04-01T16:00:48","guid":{"rendered":"https:\/\/www.fundacionnaturgy.org\/alumnes-de-4t-deso-coneixen-naturgy-sota-el-guiatge-de-la-fundacio\/"},"modified":"2019-04-01T18:00:48","modified_gmt":"2019-04-01T16:00:48","slug":"alumnes-de-4t-deso-coneixen-naturgy-sota-el-guiatge-de-la-fundacio","status":"publish","type":"post","link":"https:\/\/www.fundacionnaturgy.org\/ca\/alumnes-de-4t-deso-coneixen-naturgy-sota-el-guiatge-de-la-fundacio\/","title":{"rendered":"Alumnes de 4t d\u2019ESO coneixen Naturgy sota el guiatge de la Fundaci\u00f3"},"content":{"rendered":"<div style=\"margin-top: 0px; margin-bottom: 0px;\" class=\"sharethis-inline-share-buttons\" ><\/div><p>Un total de 21 alumnes van assistir la setmana passada a xerrades sobre diferents \u00e0rees de negoci de la corporaci\u00f3, a fi de con\u00e8ixer, en primera persona, les tasques que s\u2019hi duen a terme i els perfils professionals que es requereixen en una multinacional com Naturgy.<\/p>\n<p>Els joves van con\u00e8ixer de primera m\u00e0 la transformaci\u00f3 de la companyia en un context de transici\u00f3 energ\u00e8tica, aix\u00ed com les l\u00ednies estrat\u00e8giques d\u2019innovaci\u00f3.<\/p>\n<p>L\u2019\u00faltima jornada, els alumnes van visitar el Museu Bolarque, a la prov\u00edncia de Guadalajara, la qual cosa els va permetre introduir-se en la hist\u00f2ria de la companyia i descobrir l\u2019acci\u00f3 social i divulgativa desenvolupada per la Fundaci\u00f3.<\/p>\n<p>Aquesta iniciativa del govern madrileny t\u00e9 l\u2019objectiu d\u2019apropar el sistema educatiu i el m\u00f3n laboral als alumnes, a trav\u00e9s d\u2019estades educatives en empreses i institucions. Es tracta d\u2019una activitat de car\u00e0cter obligatori que promou que els joves alumnes estiguin m\u00e9s ben preparats per prendre decisions sobre el seu futur acad\u00e8mic i professional.<\/p>\n<p>Aquest any, els alumnes procedien de cinc centres educatius: Rafaela Ybarra, Fuentelarreyna i Gamo Diana, de Madrid; Arula, d\u2019Alalpardo; i Arenales, d\u2019Arroyomolinos.<\/p>\n","protected":false},"excerpt":{"rendered":"<p>Una vintena d\u2019alumnes de 4t d\u2019ESO han fet una immersi\u00f3 a Naturgy sota el guiatge de la Fundaci\u00f3, que per quart any participa en el programa 4t ESO + Empresa de la Comunitat de Madrid. <\/p>\n","protected":false},"author":1454,"featured_media":61140,"comment_status":"closed","ping_status":"closed","sticky":false,"template":"","format":"standard","meta":{"inline_featured_image":false},"categories":[242],"tags":[],"content-type":[],"acf":[],"post_class":["post-61379","post","type-post","status-publish","format-standard","has-post-thumbnail","hentry","category-educacio-divulgacio","wordpress-sticky"],"_links":{"self":[{"href":"https:\/\/www.fundacionnaturgy.org\/ca\/wp-json\/wp\/v2\/posts\/61379"}],"collection":[{"href":"https:\/\/www.fundacionnaturgy.org\/ca\/wp-json\/wp\/v2\/posts"}],"about":[{"href":"https:\/\/www.fundacionnaturgy.org\/ca\/wp-json\/wp\/v2\/types\/post"}],"author":[{"embeddable":true,"href":"https:\/\/www.fundacionnaturgy.org\/ca\/wp-json\/wp\/v2\/users\/1454"}],"replies":[{"embeddable":true,"href":"https:\/\/www.fundacionnaturgy.org\/ca\/wp-json\/wp\/v2\/comments?post=61379"}],"version-history":[{"count":0,"href":"https:\/\/www.fundacionnaturgy.org\/ca\/wp-json\/wp\/v2\/posts\/61379\/revisions"}],"wp:featuredmedia":[{"embeddable":true,"href":"https:\/\/www.fundacionnaturgy.org\/ca\/wp-json\/wp\/v2\/media\/61140"}],"wp:attachment":[{"href":"https:\/\/www.fundacionnaturgy.org\/ca\/wp-json\/wp\/v2\/media?parent=61379"}],"wp:term":[{"taxonomy":"category","embeddable":true,"href":"https:\/\/www.fundacionnaturgy.org\/ca\/wp-json\/wp\/v2\/categories?post=61379"},{"taxonomy":"post_tag","embeddable":true,"href":"https:\/\/www.fundacionnaturgy.org\/ca\/wp-json\/wp\/v2\/tags?post=61379"},{"taxonomy":"content-type","embeddable":true,"href":"https:\/\/www.fundacionnaturgy.org\/ca\/wp-json\/wp\/v2\/content-type?post=61379"}],"curies":[{"name":"wp","href":"https:\/\/api.w.org\/{rel}","templated":true}]}}