{"id":62341,"date":"2019-05-08T13:38:25","date_gmt":"2019-05-08T11:38:25","guid":{"rendered":"https:\/\/www.fundacionnaturgy.org\/nathalie-roebbel-oms-la-contaminacio-urbana-causa-set-milions-de-morts-prematures-cada-any\/"},"modified":"2019-05-08T13:38:25","modified_gmt":"2019-05-08T11:38:25","slug":"nathalie-roebbel-oms-la-contaminacio-urbana-causa-set-milions-de-morts-prematures-cada-any","status":"publish","type":"post","link":"https:\/\/www.fundacionnaturgy.org\/ca\/nathalie-roebbel-oms-la-contaminacio-urbana-causa-set-milions-de-morts-prematures-cada-any\/","title":{"rendered":"Nathalie Roebbel (OMS): \u201cLa contaminaci\u00f3 urbana causa set milions de morts prematures cada any\u201d"},"content":{"rendered":"<div style=\"margin-top: 0px; margin-bottom: 0px;\" class=\"sharethis-inline-share-buttons\" ><\/div><p>\u201cEls efectes combinats de la contaminaci\u00f3 de l\u2019aire ambient exterior i del dom\u00e8stic causen prop de 7 milions de morts prematures cada any, per l\u2019augment d\u2019accidents cerebrovasculars, malalties card\u00edaques, malaltia pulmonar obstructiva cr\u00f2nica, c\u00e0ncer de pulm\u00f3 i infeccions respirat\u00f2ries agudes\u201d. La\u00a0<b>coordinadora de Contaminaci\u00f3 Atmosf\u00e8rica i Salut Urbana de l\u2019OMS, Nathalie Roebbel,\u00a0<\/b>va alertar amb aquestes xifres sobre les conseq\u00fc\u00e8ncies de la qualitat de l\u2019aire a les ciutats, en el marc d\u2019un seminari organitzat per la Fundaci\u00f3 Naturgy a Brussel\u00b7les.<\/p>\n<p>Roebbel va recordar que\u00a0<b>el 91% de la poblaci\u00f3 mundial respira aire contaminat i que m\u00e9s de 3.000 milions de persones cuinen amb fonts energ\u00e8tiques contaminants<\/b>\u00a0a les cases. \u201cLes ciutats del m\u00f3n estan creixent r\u00e0pidament, i per aix\u00f2 les pol\u00edtiques per millorar l\u2019aire urb\u00e0 han de fer front a aquesta major exposici\u00f3 que pateixen les persones que viuen en entorns urbans\u201d, va asseverar Roebbel.<\/p>\n<p>La representant de l\u2019OMS va afirmar que \u00e9s necessari un lideratge global, coordinaci\u00f3 entre els diferents sectors socials i les organitzacions intergovernamentals, plans nacionals i locals i, sobretot, que la salut sigui al centre de les pol\u00edtiques urbanes. A m\u00e9s, va fer una crida a les institucions p\u00fabliques per invertir m\u00e9s en mesures de prevenci\u00f3, que avui amb prou feines representen un 4% de la despesa en salut p\u00fablica.<\/p>\n<p>En aquest sentit,<b>\u00a0Mar\u00eda Eugenia Coronado, directora general de la Fundaci\u00f3 Naturgy,\u00a0<\/b>va afirmar que \u201cno hi ha una soluci\u00f3 \u00fanica per provar de mitigar la contaminaci\u00f3 a les ciutats, que prov\u00e9 principalment del tr\u00e0nsit rodat, per la qual cosa \u00e9s imprescindible analitzar amb detall cada \u00e0rea urbana per aplicar les mesures \u00f2ptimes que permetin assolir els resultats desitjats de reducci\u00f3 d\u2019emissions contaminants\u201d. Va destacar igualment la necessitat d\u2019establir mesures adequades per a cada ciutat, tenint en compte la relaci\u00f3 cost-benefici <i>versus<\/i> els resultats esperats, i considerant, entre d\u2019altres, les caracter\u00edstiques geogr\u00e0fiques i clim\u00e0tiques, els h\u00e0bits i les necessitats dels seus habitants i les alternatives tecnol\u00f2giques i de combustible que permetin m\u00e9s sostenibilitat segons l\u2019\u00fas que se\u2019n faci.<\/p>\n<p>Per la seva part,<b>\u00a0Daniel Calleja, director general de Medi Ambient de la Comissi\u00f3 Europea (CE),<\/b>\u00a0que va participar en l\u2019obertura del seminari, va emfatitzar la millora de la qualitat de l\u2019aire en zones urbanes a trav\u00e9s d\u2019accions en l\u2019\u00e0mbit europeu, nacional, regional, local i per part del sector privat. Calleja va assenyalar que, a la UE, la deficient qualitat de l\u2019aire causa 400.000 morts prematures i suposa un\u00a0<b>cost de 24.000 milions d\u2019euros cada any<\/b>. Tamb\u00e9 va recordar que la qualitat de l\u2019aire \u00e9s la segona preocupaci\u00f3 dels ciutadans de la UE, nom\u00e9s per darrere del canvi clim\u00e0tic. Per aix\u00f2, la Comissi\u00f3 Europea ha iniciat un proc\u00e9s d\u2019avaluaci\u00f3 regulat\u00f2ria de la legislaci\u00f3 mediambiental.<\/p>\n<p><a href=\"http:\/\/prensa.naturgy.com\/nathalie-roebbel-oms-la-contaminacion-urbana-causa-siete-millones-de-muertes-prematuras-cada-ano\/\">Vegeu sala de premsa<\/a><\/p>\n","protected":false},"excerpt":{"rendered":"<p>L\u2019Ajuntament de Madrid va presentar, juntament amb Berl\u00edn i la regi\u00f3 de la Llombardia, els plans implementats per combatre la contaminaci\u00f3 urbana i millorar la qualitat de l\u2019aire, en una jornada en qu\u00e8 l\u2019OMS va alertar que el 91% de la poblaci\u00f3 mundial respira aire contaminat.<\/p>\n<p>La deficient qualitat de l\u2019aire a la UE representa un cost anual de 24.000 milions d\u2019euros, segons Daniel Calleja, director general de Medi Ambient de la Comissi\u00f3 Europea.<\/p>\n","protected":false},"author":1454,"featured_media":62222,"comment_status":"closed","ping_status":"closed","sticky":false,"template":"","format":"standard","meta":{"inline_featured_image":false},"categories":[240],"tags":[921,876,348],"content-type":[],"acf":[],"post_class":["post-62341","post","type-post","status-publish","format-standard","has-post-thumbnail","hentry","category-energia-i-medi-ambient","tag-contaminacio","tag-qualitat-de-laire-ca","tag-seminaris","wordpress-sticky"],"_links":{"self":[{"href":"https:\/\/www.fundacionnaturgy.org\/ca\/wp-json\/wp\/v2\/posts\/62341"}],"collection":[{"href":"https:\/\/www.fundacionnaturgy.org\/ca\/wp-json\/wp\/v2\/posts"}],"about":[{"href":"https:\/\/www.fundacionnaturgy.org\/ca\/wp-json\/wp\/v2\/types\/post"}],"author":[{"embeddable":true,"href":"https:\/\/www.fundacionnaturgy.org\/ca\/wp-json\/wp\/v2\/users\/1454"}],"replies":[{"embeddable":true,"href":"https:\/\/www.fundacionnaturgy.org\/ca\/wp-json\/wp\/v2\/comments?post=62341"}],"version-history":[{"count":0,"href":"https:\/\/www.fundacionnaturgy.org\/ca\/wp-json\/wp\/v2\/posts\/62341\/revisions"}],"wp:featuredmedia":[{"embeddable":true,"href":"https:\/\/www.fundacionnaturgy.org\/ca\/wp-json\/wp\/v2\/media\/62222"}],"wp:attachment":[{"href":"https:\/\/www.fundacionnaturgy.org\/ca\/wp-json\/wp\/v2\/media?parent=62341"}],"wp:term":[{"taxonomy":"category","embeddable":true,"href":"https:\/\/www.fundacionnaturgy.org\/ca\/wp-json\/wp\/v2\/categories?post=62341"},{"taxonomy":"post_tag","embeddable":true,"href":"https:\/\/www.fundacionnaturgy.org\/ca\/wp-json\/wp\/v2\/tags?post=62341"},{"taxonomy":"content-type","embeddable":true,"href":"https:\/\/www.fundacionnaturgy.org\/ca\/wp-json\/wp\/v2\/content-type?post=62341"}],"curies":[{"name":"wp","href":"https:\/\/api.w.org\/{rel}","templated":true}]}}