{"id":63376,"date":"2019-05-30T15:17:01","date_gmt":"2019-05-30T13:17:01","guid":{"rendered":"https:\/\/www.fundacionnaturgy.org\/la-fundacio-naturgy-col%c2%b7laborara-amb-cear-en-la-rehabilitacio-energetica-dhabitatges-de-families-vulnerables\/"},"modified":"2019-05-30T15:17:01","modified_gmt":"2019-05-30T13:17:01","slug":"la-fundacio-naturgy-col%c2%b7laborara-amb-cear-en-la-rehabilitacio-energetica-dhabitatges-de-families-vulnerables","status":"publish","type":"post","link":"https:\/\/www.fundacionnaturgy.org\/ca\/la-fundacio-naturgy-col%c2%b7laborara-amb-cear-en-la-rehabilitacio-energetica-dhabitatges-de-families-vulnerables\/","title":{"rendered":"La Fundaci\u00f3 Naturgy col\u00b7laborar\u00e0 amb CEAR en la rehabilitaci\u00f3 energ\u00e8tica d\u2019habitatges de fam\u00edlies vulnerables"},"content":{"rendered":"<div style=\"margin-top: 0px; margin-bottom: 0px;\" class=\"sharethis-inline-share-buttons\" ><\/div><p>La Fundaci\u00f3 Naturgy i la Comissi\u00f3 Espanyola d\u2019Ajuda al Refugiat (CEAR) col\u00b7laboraran per millorar l\u2019efici\u00e8ncia energ\u00e8tica de llars de fam\u00edlies refugiades en situaci\u00f3 de vulnerabilitat, gr\u00e0cies als recursos del Fons Solidari de Rehabilitaci\u00f3 Energ\u00e8tica de la Fundaci\u00f3 de l\u2019empresa energ\u00e8tica.<\/p>\n<p>La <b>directora general de la Fundaci\u00f3 Naturgy, Mar\u00eda Eugenia Coronado<\/b>, va destacar el seu objectiu de mantenir obertes les vies de col\u00b7laboraci\u00f3 amb el Tercer Sector. \u201cLa signatura d\u2019acords per avan\u00e7ar en la millora de la qualitat de vida dels col\u00b7lectius vulnerables \u00e9s una de les prioritats que mant\u00e9 la Fundaci\u00f3 Naturgy per lluitar contra la pobresa energ\u00e8tica\u201d, va afirmar Coronado.<\/p>\n<p>El conveni se suma als ja signats amb altres entitats (Foment de l\u2019Habitatge Social, H\u00e1bitat 3, Fundaci\u00f3 per a la Caritat de la Construcci\u00f3 de C\u00e0ritas, Fundaci\u00f3 Mambr\u00e9, Fundaci\u00f3n Tengo Hogar i Accem), que ja tenen acc\u00e9s al Fons Solidari de Rehabilitaci\u00f3 Energ\u00e8tica per fer intervencions en mat\u00e8ria de rehabilitaci\u00f3, equipament i efici\u00e8ncia als pisos que gestionen.<\/p>\n<p>Aquest nou acord permetr\u00e0 continuar emprenent actuacions segons les directrius de l\u2019estudi <strong><a href=\"\/?p=37621\">\u201cRe-habilitaci\u00f3n expr\u00e9s para hogares vulnerables\u201d<\/a><\/strong> de la Fundaci\u00f3 Naturgy, que promou mesures de baix cost per\u00f2 de gran impacte, tant en la qualitat de vida de les persones com en la factura energ\u00e8tica de les fam\u00edlies. Els habitatges gestionats per CEAR hauran d\u2019estar ocupats per fam\u00edlies vulnerables o en risc de vulnerabilitat. Entre les mesures de rehabilitaci\u00f3 que s\u2019estableixen s\u2019inclouen la reparaci\u00f3 i la compra de sistemes de calefacci\u00f3; la instal\u00b7laci\u00f3 de tancaments en finestres i envidriaments; la reparaci\u00f3 i posada en marxa d\u2019instal\u00b7lacions d\u2019electricitat i gas; o la millora de l\u2019a\u00efllament de parets.<\/p>\n<p><a href=\"http:\/\/prensa.naturgy.com\/la-fundacion-naturgy-colaborara-con-cear-en-la-rehabilitacion-energetica-de-viviendas-de-familias-vulnerables\/\">Vegeu sala de premsa<\/a><\/p>\n","protected":false},"excerpt":{"rendered":"<p>La iniciativa, emmarcada en el Pla de vulnerabilitat energ\u00e8tica de Naturgy, segueix les directrius de l\u2019Estrat\u00e8gia Nacional contra la Pobresa Energ\u00e8tica 2019-2024.<\/p>\n","protected":false},"author":1454,"featured_media":63305,"comment_status":"closed","ping_status":"closed","sticky":false,"template":"","format":"standard","meta":{"inline_featured_image":false},"categories":[917,1007],"tags":[1008,1012],"content-type":[],"acf":[],"post_class":["post-63376","post","type-post","status-publish","format-standard","has-post-thumbnail","hentry","category-accio-social-ca","category-fons-solidari-ca","tag-rehabilitacio-energetica","tag-vulnerabilitat-energetica","wordpress-sticky"],"_links":{"self":[{"href":"https:\/\/www.fundacionnaturgy.org\/ca\/wp-json\/wp\/v2\/posts\/63376"}],"collection":[{"href":"https:\/\/www.fundacionnaturgy.org\/ca\/wp-json\/wp\/v2\/posts"}],"about":[{"href":"https:\/\/www.fundacionnaturgy.org\/ca\/wp-json\/wp\/v2\/types\/post"}],"author":[{"embeddable":true,"href":"https:\/\/www.fundacionnaturgy.org\/ca\/wp-json\/wp\/v2\/users\/1454"}],"replies":[{"embeddable":true,"href":"https:\/\/www.fundacionnaturgy.org\/ca\/wp-json\/wp\/v2\/comments?post=63376"}],"version-history":[{"count":0,"href":"https:\/\/www.fundacionnaturgy.org\/ca\/wp-json\/wp\/v2\/posts\/63376\/revisions"}],"wp:featuredmedia":[{"embeddable":true,"href":"https:\/\/www.fundacionnaturgy.org\/ca\/wp-json\/wp\/v2\/media\/63305"}],"wp:attachment":[{"href":"https:\/\/www.fundacionnaturgy.org\/ca\/wp-json\/wp\/v2\/media?parent=63376"}],"wp:term":[{"taxonomy":"category","embeddable":true,"href":"https:\/\/www.fundacionnaturgy.org\/ca\/wp-json\/wp\/v2\/categories?post=63376"},{"taxonomy":"post_tag","embeddable":true,"href":"https:\/\/www.fundacionnaturgy.org\/ca\/wp-json\/wp\/v2\/tags?post=63376"},{"taxonomy":"content-type","embeddable":true,"href":"https:\/\/www.fundacionnaturgy.org\/ca\/wp-json\/wp\/v2\/content-type?post=63376"}],"curies":[{"name":"wp","href":"https:\/\/api.w.org\/{rel}","templated":true}]}}