{"id":63658,"date":"2019-06-03T09:22:22","date_gmt":"2019-06-03T07:22:22","guid":{"rendered":"https:\/\/www.fundacionnaturgy.org\/lescola-denergia-de-la-fundacio-naturgy-arriba-a-muxia-i-santiago-de-compostel%c2%b7la-per-explicar-a-families-vulnerables-com-fer-un-consum-eficient-i-reduir-la-factura\/"},"modified":"2019-06-03T09:22:22","modified_gmt":"2019-06-03T07:22:22","slug":"lescola-denergia-de-la-fundacio-naturgy-arriba-a-muxia-i-santiago-de-compostel%c2%b7la-per-explicar-a-families-vulnerables-com-fer-un-consum-eficient-i-reduir-la-factura","status":"publish","type":"post","link":"https:\/\/www.fundacionnaturgy.org\/ca\/lescola-denergia-de-la-fundacio-naturgy-arriba-a-muxia-i-santiago-de-compostel%c2%b7la-per-explicar-a-families-vulnerables-com-fer-un-consum-eficient-i-reduir-la-factura\/","title":{"rendered":"L\u2019Escola d\u2019Energia de la Fundaci\u00f3 Naturgy arriba a Mux\u00eda i Santiago de Compostel\u00b7la per explicar a fam\u00edlies vulnerables com fer un consum eficient i reduir la factura"},"content":{"rendered":"<div style=\"margin-top: 0px; margin-bottom: 0px;\" class=\"sharethis-inline-share-buttons\" ><\/div><p>La Fundaci\u00f3 Naturgy organitza, els propers dies, tres sessions formatives de l\u2019Escola d\u2019Energia a la prov\u00edncia de la Corunya, adre\u00e7ades a fam\u00edlies que es troben en situaci\u00f3 de vulnerabilitat energ\u00e8tica. L\u2019objectiu \u00e9s oferir-los pautes per fer un consum energ\u00e8tic m\u00e9s eficient, de manera que redueixin l\u2019import de la seva factura sense perdre les condicions de confort a la llar.<\/p>\n<p>La sessi\u00f3 de Mux\u00eda tindr\u00e0 lloc dem\u00e0, a les 11 h, sota el guiatge de l\u2019Ajuntament, al Museu del Voluntariat (pla\u00e7a Camposa, s\/n).<\/p>\n<p>Les convocat\u00f2ries de Santiago de Compostel\u00b7la es fan de manera quinzenal des del mes de mar\u00e7 passat, i les pr\u00f2ximes tindran lloc el dia 5 de juny (a les 10.30 h a PASS CABES, Casa das Asociaci\u00f3ns de Benestar Social, Rua Manuel Mar\u00eda, n\u00fam. 6, Salgueiri\u00f1os) i el 19 de juny (a les 10.30 h a Rua de Frei Rosendo Salvado, n\u00fam. 16, 15703 Santiago de Compostel\u00b7la).<\/p>\n<p>Des de comen\u00e7aments d\u2019any, la Fundaci\u00f3 Naturgy ja ha celebrat 29 jornades de l\u2019Escola d\u2019Energia a diferents localitats de la Corunya.<\/p>\n<p><a href=\"http:\/\/prensa.naturgy.com\/la-escuela-de-energia-de-la-fundacion-naturgy-llega-muxia-y-santiago-de-compostela-para-explicar-familias-vulnerables-como-hacer-un-consumo-eficiente-y-reducir-la-factura\/#\" target=\"_blank\">Vegeu sala de premsa<\/a><\/p>\n","protected":false},"excerpt":{"rendered":"<p>La fundaci\u00f3 de la companyia energ\u00e8tica organitza aquestes sessions juntament amb l\u2019Ajuntament de Santiago de Compostel\u00b7la i l\u2019Ajuntament de Mux\u00eda.<\/p>\n<p>Prop de 290 persones han rebut aquesta formaci\u00f3 des de comen\u00e7ament d\u2019any a la prov\u00edncia de la Corunya.<\/p>\n","protected":false},"author":1454,"featured_media":41577,"comment_status":"closed","ping_status":"closed","sticky":false,"template":"","format":"standard","meta":{"inline_featured_image":false},"categories":[917,1055],"tags":[1026,1012],"content-type":[],"acf":[],"post_class":["post-63658","post","type-post","status-publish","format-standard","has-post-thumbnail","hentry","category-accio-social-ca","category-escola-denergia-ca","tag-escola-denergia","tag-vulnerabilitat-energetica","wordpress-sticky"],"_links":{"self":[{"href":"https:\/\/www.fundacionnaturgy.org\/ca\/wp-json\/wp\/v2\/posts\/63658"}],"collection":[{"href":"https:\/\/www.fundacionnaturgy.org\/ca\/wp-json\/wp\/v2\/posts"}],"about":[{"href":"https:\/\/www.fundacionnaturgy.org\/ca\/wp-json\/wp\/v2\/types\/post"}],"author":[{"embeddable":true,"href":"https:\/\/www.fundacionnaturgy.org\/ca\/wp-json\/wp\/v2\/users\/1454"}],"replies":[{"embeddable":true,"href":"https:\/\/www.fundacionnaturgy.org\/ca\/wp-json\/wp\/v2\/comments?post=63658"}],"version-history":[{"count":0,"href":"https:\/\/www.fundacionnaturgy.org\/ca\/wp-json\/wp\/v2\/posts\/63658\/revisions"}],"wp:featuredmedia":[{"embeddable":true,"href":"https:\/\/www.fundacionnaturgy.org\/ca\/wp-json\/wp\/v2\/media\/41577"}],"wp:attachment":[{"href":"https:\/\/www.fundacionnaturgy.org\/ca\/wp-json\/wp\/v2\/media?parent=63658"}],"wp:term":[{"taxonomy":"category","embeddable":true,"href":"https:\/\/www.fundacionnaturgy.org\/ca\/wp-json\/wp\/v2\/categories?post=63658"},{"taxonomy":"post_tag","embeddable":true,"href":"https:\/\/www.fundacionnaturgy.org\/ca\/wp-json\/wp\/v2\/tags?post=63658"},{"taxonomy":"content-type","embeddable":true,"href":"https:\/\/www.fundacionnaturgy.org\/ca\/wp-json\/wp\/v2\/content-type?post=63658"}],"curies":[{"name":"wp","href":"https:\/\/api.w.org\/{rel}","templated":true}]}}