{"id":66626,"date":"2019-10-03T11:00:37","date_gmt":"2019-10-03T09:00:37","guid":{"rendered":"https:\/\/www.fundacionnaturgy.org\/?p=66626"},"modified":"2019-10-03T10:04:46","modified_gmt":"2019-10-03T08:04:46","slug":"els-voluntaris-ambientals-de-la-fundacio-naturgy-recuperen-habitats-naturals-equivalents-a-13-camps-de-futbol","status":"publish","type":"post","link":"https:\/\/www.fundacionnaturgy.org\/ca\/els-voluntaris-ambientals-de-la-fundacio-naturgy-recuperen-habitats-naturals-equivalents-a-13-camps-de-futbol\/","title":{"rendered":"Els voluntaris ambientals de la Fundaci\u00f3 Naturgy recuperen h\u00e0bitats naturals equivalents a 13 camps de futbol"},"content":{"rendered":"<div style=\"margin-top: 0px; margin-bottom: 0px;\" class=\"sharethis-inline-share-buttons\" ><\/div><p>El Programa de Voluntariat Ambiental de la Fundaci\u00f3 Naturgy compleix cinc anys, durant els quals prop de 1.100 voluntaris han recuperat la biodiversitat d&#8217;una vintena d&#8217;espais naturals espanyols, en una superf\u00edcie equivalent a 13 camps de futbol.<\/p>\n<p>Des de l&#8217;any 2014, empleats de Naturgy acompanyats de les seves fam\u00edlies han participat en algun dels 38 projectes de recuperaci\u00f3 ambiental de fauna i flora en ecosistemes protegits de Catalunya (11 accions de conservaci\u00f3), Comunitat de Madrid (9), Castella i Lle\u00f3 ( 5), Comunitat Valenciana (4) i Gal\u00edcia (3), Castella la Manxa (3) i Andalusia (2).<\/p>\n<p>Els voluntaris han realitzat un equivalent a 228 dies de treball (prop de 5.500 hores), al costat de m\u00e9s de 40 organitzacions ambientals i administracions que han col\u00b7laborat amb la Fundaci\u00f3 Naturgy en aquest programa de voluntariat.<\/p>\n<p>La directora general de la Fundaci\u00f3 Naturgy, Mar\u00eda Eugenia Coronado, considera &#8220;molt positius&#8221; aquests resultats i valora la seva contribuci\u00f3 a la sensibilitzaci\u00f3 ambiental. &#8220;Estem molt agra\u00efts amb la col\u00b7laboraci\u00f3 dels empleats de Naturgy i les seves fam\u00edlies, aix\u00ed com la de les entitats i administracions\u00a0al\u00a0costat de les quals volem aportar el nostre granet de sorra per millorar l&#8217;entorn natural en qu\u00e8 vivim, amb actuacions pr\u00e0ctiques sobre el terreny &#8220;. &#8220;La sensibilitzaci\u00f3 ambiental \u00e9s un dels objectius que la nostra Fundaci\u00f3 t\u00e9 des de la seva creaci\u00f3, i amb el Programa de Voluntariat Ambiental hem tancat el cercle&#8221;, sost\u00e9 Coronado.<\/p>\n<p><strong>Espais natural\u00a0d&#8217;alt\u00a0valor<\/strong><\/p>\n<p>En aquests cinc anys, s&#8217;han realitzat accions de recuperaci\u00f3 ambiental en 21 espais naturals diferents, com la Reserva de la Biosfera La\u00a0Mancha\u00a0H\u00fameda, a Castella-la Manxa; el Parc Nacional de la Serra de Guadarrama i el Parc Regional del Sud-est, a la Comunitat de Madrid; el Parc Natural de Collserola, a Catalunya; el Parc Natural de l&#8217;Albufera, a la Comunitat Valenciana; el Paisatge Protegit del Corredor Verd de Guadiamar, a Andalusia; l&#8217;espai natural Betanzos-Mandeo, a Gal\u00edcia; o les Muntanyes de Valsa\u00edn, a Castella i Lle\u00f3.<\/p>\n<p><u>Principals\u00a0resultats\u00a0de l&#8217;activitat de restauraci\u00f3\u00a0d&#8217;h\u00e0bitats realitzada<\/u><\/p>\n<table>\n<tbody>\n<tr>\n<td width=\"331\">Superf\u00edcie\u00a0restaurada<\/td>\n<td width=\"227\"><strong>13 ha<\/strong><\/td>\n<\/tr>\n<tr>\n<td width=\"331\">Volum d&#8217;esp\u00e8cies ex\u00f2tiques invasores retirades<\/td>\n<td width=\"227\"><strong>41 m<sup>3<\/sup><\/strong><\/td>\n<\/tr>\n<tr>\n<td width=\"331\">Accions per a fauna<\/td>\n<td width=\"227\"><strong>138<\/strong><\/td>\n<\/tr>\n<tr>\n<td width=\"331\">Superf\u00edcie de tanca protectora instal\u00b7lada\u00a0\/ recuperada<\/td>\n<td width=\"227\"><strong>9.625 m<sup>2<\/sup>\u00a0y 275\u00a0metres lineals<\/strong><\/td>\n<\/tr>\n<tr>\n<td width=\"331\">Nombre d&#8217;exemplars vegetals plantats<\/td>\n<td width=\"227\"><strong>3.652<\/strong><\/td>\n<\/tr>\n<\/tbody>\n<\/table>\n<p>Les activitats realitzades estan relacionades directament amb pal\u00b7liar causes de p\u00e8rdua de biodiversitat i restaurar h\u00e0bitats mitjan\u00e7ant plantaci\u00f3 o sembra d&#8217;esp\u00e8cies aut\u00f2ctones; eliminar esp\u00e8cies ex\u00f2tiques invasores; instal\u00b7lar o restaurar infraestructures d&#8217;\u00fas p\u00fablic com senyals, senders o cartelleria; fomentar fauna silvestre construint basses, refugis i menjadors; retirar residus i classificar-los; aix\u00ed com desenvolupar activitats d&#8217;educaci\u00f3 i sensibilitzaci\u00f3 ambiental, amb visites a exposicions i centres d&#8217;interpretaci\u00f3.<\/p>\n<p>A cada jornada, l&#8217;objectiu ha estat integrar els participants en els diferents projectes de conservaci\u00f3, proporcionant-los una oportunitat de viure una experi\u00e8ncia original i responsable amb el seu entorn.<\/p>\n<p>La Fundaci\u00f3 Naturgy ha col\u00b7laborat estretament amb la Fundaci\u00f3 Global Nature, que ha coordinat aquest primer lustre del Programa de Voluntariat Ambiental, i entre altres organitzacions amb les quals ha treballat, es troben Acci\u00f3 Natura, la Fundaci\u00f3 Oso Pardo, Fragas do Mandeo, GREFA, Ecoembes o Associaci\u00f3 Selvans, entre d&#8217;altres. Aix\u00ed mateix, la fundaci\u00f3 ha comptat amb el suport d&#8217;ajuntaments, conselleries i diputacions.<\/p>\n<p>La tasca dels voluntaris \u00e9s cont\u00ednua, i abans de finalitzar aquest any ja estan previstes activitats al Viver de Villaca\u00f1as\u00a0i la Laguna\u00a0Larga, a la prov\u00edncia de Toledo; al Parc Natural del Garraf, a Barcelona; i al Paratge Natural del Saler, a Val\u00e8ncia.<\/p>\n","protected":false},"excerpt":{"rendered":"<p>El Programa de Voluntariat Ambiental, que busca fomentar la consci\u00e8ncia ambiental entre els empleats de Naturgy, fa 5 anys, durant els quals s&#8217;han retirat 35m3 de residus i s&#8217;han plantat m\u00e9s de 3.600 exemplars vegetals.<\/p>\n","protected":false},"author":1454,"featured_media":56564,"comment_status":"closed","ping_status":"closed","sticky":false,"template":"","format":"standard","meta":{"inline_featured_image":false},"categories":[917,883],"tags":[374,1069],"content-type":[],"acf":[],"post_class":["post-66626","post","type-post","status-publish","format-standard","has-post-thumbnail","hentry","category-accio-social-ca","category-voluntariat-energetic","tag-medi-ambient","tag-voluntariat","wordpress-sticky"],"_links":{"self":[{"href":"https:\/\/www.fundacionnaturgy.org\/ca\/wp-json\/wp\/v2\/posts\/66626"}],"collection":[{"href":"https:\/\/www.fundacionnaturgy.org\/ca\/wp-json\/wp\/v2\/posts"}],"about":[{"href":"https:\/\/www.fundacionnaturgy.org\/ca\/wp-json\/wp\/v2\/types\/post"}],"author":[{"embeddable":true,"href":"https:\/\/www.fundacionnaturgy.org\/ca\/wp-json\/wp\/v2\/users\/1454"}],"replies":[{"embeddable":true,"href":"https:\/\/www.fundacionnaturgy.org\/ca\/wp-json\/wp\/v2\/comments?post=66626"}],"version-history":[{"count":0,"href":"https:\/\/www.fundacionnaturgy.org\/ca\/wp-json\/wp\/v2\/posts\/66626\/revisions"}],"wp:featuredmedia":[{"embeddable":true,"href":"https:\/\/www.fundacionnaturgy.org\/ca\/wp-json\/wp\/v2\/media\/56564"}],"wp:attachment":[{"href":"https:\/\/www.fundacionnaturgy.org\/ca\/wp-json\/wp\/v2\/media?parent=66626"}],"wp:term":[{"taxonomy":"category","embeddable":true,"href":"https:\/\/www.fundacionnaturgy.org\/ca\/wp-json\/wp\/v2\/categories?post=66626"},{"taxonomy":"post_tag","embeddable":true,"href":"https:\/\/www.fundacionnaturgy.org\/ca\/wp-json\/wp\/v2\/tags?post=66626"},{"taxonomy":"content-type","embeddable":true,"href":"https:\/\/www.fundacionnaturgy.org\/ca\/wp-json\/wp\/v2\/content-type?post=66626"}],"curies":[{"name":"wp","href":"https:\/\/api.w.org\/{rel}","templated":true}]}}