{"id":69200,"date":"2019-11-18T17:43:44","date_gmt":"2019-11-18T16:43:44","guid":{"rendered":"https:\/\/www.fundacionnaturgy.org\/assumpcio-puig-la-rehabilitacio-energetica-es-una-estrategia-que-aborda-el-repte-de-reduir-els-gasos-amb-efecte-dhivernacle\/"},"modified":"2019-11-18T17:43:44","modified_gmt":"2019-11-18T16:43:44","slug":"assumpcio-puig-la-rehabilitacio-energetica-es-una-estrategia-que-aborda-el-repte-de-reduir-els-gasos-amb-efecte-dhivernacle","status":"publish","type":"post","link":"https:\/\/www.fundacionnaturgy.org\/ca\/assumpcio-puig-la-rehabilitacio-energetica-es-una-estrategia-que-aborda-el-repte-de-reduir-els-gasos-amb-efecte-dhivernacle\/","title":{"rendered":"Assumpci\u00f3 Puig: \u201cLa rehabilitaci\u00f3 energ\u00e8tica \u00e9s una estrat\u00e8gia que aborda el repte de reduir els gasos amb efecte d\u2019hivernacle\u201d"},"content":{"rendered":"<div style=\"margin-top: 0px; margin-bottom: 0px;\" class=\"sharethis-inline-share-buttons\" ><\/div><p>\u201cLa rehabilitaci\u00f3 energ\u00e8tica \u00e9s una estrat\u00e8gia que aborda el repte de reduir els gasos amb efecte d\u2019hivernacle\u201d. <strong>La degana del Col\u00b7legi d\u2019Arquitectes de Catalunya, Assumpci\u00f3 Puig<\/strong>, ha fet aquestes declaracions al seminari \u201cRehabilitaci\u00f3 energ\u00e8tica: de les estrat\u00e8gies pol\u00edtiques a la pr\u00e0ctica\u201d, organitzat avui a Barcelona per la Fundaci\u00f3 Naturgy, en col\u00b7laboraci\u00f3 amb el Col\u00b7legi d\u2019Arquitectes.<\/p>\n<p>Puig ha destacat, per exemple, la import\u00e0ncia de reduir les p\u00e8rdues de calor i la despesa energ\u00e8tica, que a les llars espanyoles ascendeix, de mitjana, a gaireb\u00e9 mil euros, la meitat dels quals es destinen a calefacci\u00f3. \u201cAquest dades es podrien reduir dr\u00e0sticament amb un bon a\u00efllament, que a m\u00e9s minimitzaria les emissions contaminants.\u201d \u201cFa falta pedagogia en mat\u00e8ria de rehabilitaci\u00f3\u201d, ha afegit.<\/p>\n<p>Tamb\u00e9 ha afirmat que \u201cla rehabilitaci\u00f3 energ\u00e8tica \u00e9s un element clau per al futur de la nostra edificaci\u00f3\u201d, per\u00f2 hi ha encara reptes importants per resoldre. Puig ha fet una crida a tots els agents implicats: \u201cTant des del punt de vista sectorial com institucional, econ\u00f2mic, social i de ciutadania, hem de construir unes estructures que s\u2019adaptin a les necessitats presents i futures, per lluitar contra les desigualtats i generar oportunitats.\u201d<\/p>\n<p>Per la seva part, el director general d\u2019Energia, Seguretat Industrial i Seguretat Minera de la Generalitat, <strong>Pere Palac\u00edn<\/strong>, ha dit que \u201cs\u2019est\u00e0 estudiant l\u2019aprovaci\u00f3 de la normativa de mesures urgents per a la transici\u00f3 energ\u00e8tica, que afavorir\u00e0 la rehabilitaci\u00f3 energ\u00e8tica mitjan\u00e7ant l\u2019\u00fas d\u2019energies renovables i donar\u00e0 pas a un sistema m\u00e9s sostenible\u201d. \u201cEns trobem davant una emerg\u00e8ncia clim\u00e0tica. Per aix\u00f2 hem de buscar, trobar i aplicar certes mesures en l\u2019edificaci\u00f3 que permetin crear noves estructures m\u00e9s eficients\u201d, ha afirmat.<\/p>\n<p>Per la seva part,<strong> Miquel Rodr\u00edguez<\/strong>, comissionat de l\u2019Agenda 2030 i representant de l\u2019Ajuntament de Barcelona, ha destacat la col\u00b7laboraci\u00f3 publicoprivada en l\u2019\u00e0mbit de la rehabilitaci\u00f3 energ\u00e8tica, \u201cper la capacitat d\u2019innovaci\u00f3 del sector privat per plantejar noves solucions\u201d. Rodr\u00edguez ha afirmat que la rehabilitaci\u00f3 energ\u00e8tica forma part del model econ\u00f2mic actual i ha proposat d\u2019aprofitar les energies renovables.<\/p>\n<p>La directora general de la Fundaci\u00f3 Naturgy, <strong>Mar\u00eda Eugenia Coronado<\/strong>, ha afirmat que la rehabilitaci\u00f3 energ\u00e8tica \u00e9s una de les claus per millorar l\u2019efici\u00e8ncia energ\u00e8tica dels edificis, \u201cque representen prop del 40% del consum d\u2019energia i m\u00e9s del 30% de les emissions de CO<sup><sub>2<\/sub><\/sup> a la UE\u201d. Coronado ha recordat tamb\u00e9 que un dels projectes fonamentals en qu\u00e8 participa la fundaci\u00f3 \u00e9s la rehabilitaci\u00f3 d\u2019edificis per a fam\u00edlies en risc d\u2019exclusi\u00f3 social per millorar la seva qualitat de vida i reduir la seva factura energ\u00e8tica.<\/p>\n<p>La delegada a Catalunya de Green Building Council Espa\u00f1a,<strong> Eulalia Figuerola<\/strong>, ha explicat que Espanya est\u00e0 revisant l\u2019estrat\u00e8gia a llarg termini per a la rehabilitaci\u00f3 energ\u00e8tica del sector de l\u2019edificaci\u00f3. Figuerola ha recordat que \u201cen l\u2019Estrat\u00e8gia europea de descarbonitzaci\u00f3 el 2050 els edificis tenen un paper important\u00edssim, ja que s\u00f3n els responsables del m\u00e9s del 31% de les emissions\u201d.<\/p>\n<p>Per la seva part, <strong>Jordi Amela<\/strong>, director t\u00e8cnic del Consorci de l\u2019Habitatge de l\u2019\u00c0rea Metropolitana de Barcelona (CMH), ha explicat que la instituci\u00f3 que representa t\u00e9 com a repte rehabilitar energ\u00e8ticament 300.000 habitatges a l\u2019any amb una inversi\u00f3 mitjana de 15.000 \u20ac\/habitatge. En aquest sentit, ha destacat que les principals barreres per a aquest projecte s\u00f3n \u201cl\u2019estructura de la propietat i d\u2019ingressos familiars, i els impediments t\u00e8cnics, de gesti\u00f3 i econ\u00f2mics\u201d.<\/p>\n<p><strong>Casos pr\u00e0ctics de rehabilitaci\u00f3<\/strong><strong>\u00a0<\/strong><\/p>\n<p>Durant el seminari tamb\u00e9 s\u2019han exposat quatre casos pr\u00e0ctics per millorar l\u2019efici\u00e8ncia energ\u00e8tica en edificis. Un dels projectes que s\u2019ha presentar ha estat el <strong>\u201cProjecte GrowSmarter: Estocolm, Col\u00f2nia i Barcelona\u201d<\/strong>, en el qual participa Naturgy. <strong>Lisa Ennarson<\/strong>, cap de departament per a la Planificaci\u00f3 i el Medi Ambient de l\u2019Ajuntament d\u2019Estocolm, i<strong> Gustaf Landahl<\/strong>, coordinador de GrowSmarter, han explicat que aquest projecte t\u00e9 com a finalitat aplicar tecnologies enfocades a l\u2019empoderament del ciutad\u00e0, a l\u2019estalvi econ\u00f2mic i a la reducci\u00f3 d\u2019emissions en entorns <em>smart cities<\/em>. A Barcelona, Naturgy est\u00e0 desenvolupant noves tecnologies en rehabilitaci\u00f3 energ\u00e8tica d\u2019edificis residencials i terciaris, gesti\u00f3 d\u2019energia a la llar i integraci\u00f3 de la generaci\u00f3 distribu\u00efda en entorns urbans.<\/p>\n<p><strong>Luiskar Delgado<\/strong>, director gerent de <strong>Sestao Berri 2010<\/strong>, ha explicat com el projecte EU-Gugle ha perm\u00e8s rehabilitar una superf\u00edcie de gaireb\u00e9 20.000 m<sup>2<\/sup> de l\u2019\u00e0rea de Txabarri-El Sol i aconseguir un canvi de mentalitat en la ciutadania perqu\u00e8 els dispositius d\u2019estalvi d\u2019energia permetin m\u00e9s confort i autonomia en la gesti\u00f3 energ\u00e8tica dels edificis.<\/p>\n<p><strong>Jordi Ayats<\/strong>, gerent d\u2019<strong>HolaDomus<\/strong>, un consorci de vuit empreses europees p\u00fabliques i privades en el marc del projecte EuropPACE, finan\u00e7at per la Comissi\u00f3 Europea, ha explicat que \u201cl\u2019objectiu \u00e9s impulsar l\u2019efici\u00e8ncia energ\u00e8tica i l\u2019energia renovable en habitatges, i millorar el benestar de les fam\u00edlies a trav\u00e9s de cases m\u00e9s confortables, saludables i respectuoses amb el medi ambient\u201d.<\/p>\n<p>Per la seva part, <strong>Miguel \u00c1ngel Garc\u00eda<\/strong>, del Departament d\u2019Estrat\u00e8gia i Desenvolupament de Negoci de CARTIF, ha explicat el <strong>Remourban Project de Valladolid<\/strong>. \u201cEl barri de FASA-Delicias s\u2019ha convertit en un districte de consum d\u2019energia gaireb\u00e9 nul, on la rehabilitaci\u00f3 dels seus vint edificis residencials i la implementaci\u00f3 d\u2019un sistema de xarxa de calor basada en renovables ha perm\u00e8s reduir el consum dels seus 24.000m<sup>2<\/sup> en un 32% i reduir les emissions de CO<sub>2<\/sub> en un 90%\u201d, ha remarcat Garc\u00eda.<\/p>\n","protected":false},"excerpt":{"rendered":"<p>La degana del Col\u00b7legi d\u2019Arquitectes de Catalunya ha fet una crida al treball conjunt de tots els agents implicats, en una jornada en qu\u00e8 representants de l\u2019Ajuntament de Barcelona i la Generalitat de Catalunya han apostat per aprofitar les energies renovables en la rehabilitaci\u00f3 d\u2019habitatges.<\/p>\n","protected":false},"author":1454,"featured_media":69118,"comment_status":"closed","ping_status":"closed","sticky":false,"template":"","format":"standard","meta":{"inline_featured_image":false},"categories":[240],"tags":[506,348,1012],"content-type":[],"acf":[],"post_class":["post-69200","post","type-post","status-publish","format-standard","has-post-thumbnail","hentry","category-energia-i-medi-ambient","tag-energia-i-medi-ambient","tag-seminaris","tag-vulnerabilitat-energetica","wordpress-sticky"],"_links":{"self":[{"href":"https:\/\/www.fundacionnaturgy.org\/ca\/wp-json\/wp\/v2\/posts\/69200"}],"collection":[{"href":"https:\/\/www.fundacionnaturgy.org\/ca\/wp-json\/wp\/v2\/posts"}],"about":[{"href":"https:\/\/www.fundacionnaturgy.org\/ca\/wp-json\/wp\/v2\/types\/post"}],"author":[{"embeddable":true,"href":"https:\/\/www.fundacionnaturgy.org\/ca\/wp-json\/wp\/v2\/users\/1454"}],"replies":[{"embeddable":true,"href":"https:\/\/www.fundacionnaturgy.org\/ca\/wp-json\/wp\/v2\/comments?post=69200"}],"version-history":[{"count":0,"href":"https:\/\/www.fundacionnaturgy.org\/ca\/wp-json\/wp\/v2\/posts\/69200\/revisions"}],"wp:featuredmedia":[{"embeddable":true,"href":"https:\/\/www.fundacionnaturgy.org\/ca\/wp-json\/wp\/v2\/media\/69118"}],"wp:attachment":[{"href":"https:\/\/www.fundacionnaturgy.org\/ca\/wp-json\/wp\/v2\/media?parent=69200"}],"wp:term":[{"taxonomy":"category","embeddable":true,"href":"https:\/\/www.fundacionnaturgy.org\/ca\/wp-json\/wp\/v2\/categories?post=69200"},{"taxonomy":"post_tag","embeddable":true,"href":"https:\/\/www.fundacionnaturgy.org\/ca\/wp-json\/wp\/v2\/tags?post=69200"},{"taxonomy":"content-type","embeddable":true,"href":"https:\/\/www.fundacionnaturgy.org\/ca\/wp-json\/wp\/v2\/content-type?post=69200"}],"curies":[{"name":"wp","href":"https:\/\/api.w.org\/{rel}","templated":true}]}}