{"id":69935,"date":"2020-02-03T11:12:06","date_gmt":"2020-02-03T10:12:06","guid":{"rendered":"https:\/\/www.fundacionnaturgy.org\/lescola-denergia-de-la-fundacio-naturgy-ajudara-families-vulnerables-de-la-algaba-a-fer-un-consum-eficient-i-reduir-la-factura-energetica\/"},"modified":"2020-02-03T11:12:06","modified_gmt":"2020-02-03T10:12:06","slug":"lescola-denergia-de-la-fundacio-naturgy-ajudara-families-vulnerables-de-la-algaba-a-fer-un-consum-eficient-i-reduir-la-factura-energetica","status":"publish","type":"post","link":"https:\/\/www.fundacionnaturgy.org\/ca\/lescola-denergia-de-la-fundacio-naturgy-ajudara-families-vulnerables-de-la-algaba-a-fer-un-consum-eficient-i-reduir-la-factura-energetica\/","title":{"rendered":"L\u2019Escola d\u2019Energia de la Fundaci\u00f3 Naturgy ajudar\u00e0 fam\u00edlies vulnerables de La Algaba a fer un consum eficient i reduir la factura energ\u00e8tica"},"content":{"rendered":"<div style=\"margin-top: 0px; margin-bottom: 0px;\" class=\"sharethis-inline-share-buttons\" ><\/div><p>La Fundaci\u00f3 Naturgy organitza dem\u00e0 dues sessions formatives de l\u2019Escola d\u2019Energia a la localitat sevillana de La Algaba, en col\u00b7laboraci\u00f3 amb l\u2019Ajuntament. L\u2019objectiu \u00e9s oferir a les fam\u00edlies vulnerables pautes per fer un consum energ\u00e8tic m\u00e9s eficient, de manera que redueixin l\u2019import de la factura sense perdre les condicions de confort a la llar.<\/p>\n<p>El taller dirigit a fam\u00edlies ser\u00e0 a les 13.30 h, al centre de formaci\u00f3 17 Rosas (c\/ Guadiana, s\/n). Dem\u00e0 tamb\u00e9 hi haur\u00e0 una altra sessi\u00f3 de formaci\u00f3 m\u00e9s espec\u00edfica per als t\u00e8cnics municipals que estan en contacte amb les fam\u00edlies vulnerables des de l\u2019\u00e0rea municipal de Serveis Socials.<\/p>\n<p>La Fundaci\u00f3 Naturgy ja ha organitzat m\u00e9s de 130 sessions de l&#39;Escola d&#39;Energia en 44 localitats d\u2019Andalusia, a les quals han assistit al voltant de 1.200 fam\u00edlies.<\/p>\n<p>En les sessions de l\u2019Escola d\u2019Energia es treballen temes relacionats amb l\u2019efici\u00e8ncia energ\u00e8tica o l\u2019optimitzaci\u00f3 de factures. Tamb\u00e9 s\u2019identifica qui pot tenir acc\u00e9s al bo social, i se\u2019ls ajuda a sol\u00b7licitar-lo. \u201cEl que busquem \u00e9s apoderar les persones m\u00e9s vulnerables, perqu\u00e8 puguin minimitzar l\u2019impacte del cost energ\u00e8tic aplicant les mesures i els consells explicats als tallers,\u201d afirma <strong>Ester Sevilla,<\/strong><strong> directora de l\u2019\u00e0rea de Projectes Socials i Internacional de la Fundaci\u00f3 Naturgy<\/strong>.<\/p>\n<p>L\u2019Escola d\u2019Energia \u00e9s un projecte de la Fundaci\u00f3 Naturgy, emmarcat dins del\u00a0Pla de vulnerabilitat energ\u00e8tica de Naturgy. <strong>Mar\u00eda Eugenia Coronado, directora general de la Fundaci\u00f3 Naturgy<\/strong>, destaca l\u2019alian\u00e7a que mantenen amb administracions i entitats socials per dur-la a terme: \u201cAquesta iniciativa \u00e9s possible gr\u00e0cies a la col\u00b7laboraci\u00f3 d\u2019uns experimentats companys de viatge com les administracions p\u00fabliques, i els professionals i voluntaris de diverses ONG com Creu Roja i C\u00e0ritas, i de moltes altres entitats socials que fan una gran tasca en municipis de tot Espanya\u201d.<\/p>\n<p>Des que es va posar marxa el juny del 2017, l\u2019Escola d\u2019Energia ha format m\u00e9s de 19.000 persones, entre fam\u00edlies en situaci\u00f3 de vulnerabilitat energ\u00e8tica i t\u00e8cnics del tercer sector i de l\u2019administraci\u00f3 a tot Espanya.<\/p>\n<p>Qualsevol entitat o ajuntament que vulgui oferir aquest tipus de formaci\u00f3 gratu\u00efta pot posar-se en contacte amb la Fundaci\u00f3 Naturgy a trav\u00e9s de la p\u00e0gina web de la Fundaci\u00f3 (<a href=\"https:\/\/www.fundacionnaturgy.org\/\">https:\/\/www.fundacionnaturgy.org\/<\/a>) o al correu electr\u00f2nic <a href=\"mailto:escuelaenergia@naturgy.com\">escuelaenergia@naturgy.com<\/a>.<\/p>\n","protected":false},"excerpt":{"rendered":"<p>La fundaci\u00f3 de la companyia energ\u00e8tica organitza dem\u00e0 dues sessions formatives amb l\u2019Ajuntament. Al voltant de 1.200 fam\u00edlies d\u2019Andalusia ja han rebut aquesta formaci\u00f3 que ofereix la Fundaci\u00f3 Naturgy.<\/p>\n","protected":false},"author":1454,"featured_media":65604,"comment_status":"closed","ping_status":"closed","sticky":false,"template":"","format":"standard","meta":{"inline_featured_image":false},"categories":[917,1055],"tags":[1026,1012],"content-type":[],"acf":[],"post_class":["post-69935","post","type-post","status-publish","format-standard","has-post-thumbnail","hentry","category-accio-social-ca","category-escola-denergia-ca","tag-escola-denergia","tag-vulnerabilitat-energetica","wordpress-sticky"],"_links":{"self":[{"href":"https:\/\/www.fundacionnaturgy.org\/ca\/wp-json\/wp\/v2\/posts\/69935"}],"collection":[{"href":"https:\/\/www.fundacionnaturgy.org\/ca\/wp-json\/wp\/v2\/posts"}],"about":[{"href":"https:\/\/www.fundacionnaturgy.org\/ca\/wp-json\/wp\/v2\/types\/post"}],"author":[{"embeddable":true,"href":"https:\/\/www.fundacionnaturgy.org\/ca\/wp-json\/wp\/v2\/users\/1454"}],"replies":[{"embeddable":true,"href":"https:\/\/www.fundacionnaturgy.org\/ca\/wp-json\/wp\/v2\/comments?post=69935"}],"version-history":[{"count":0,"href":"https:\/\/www.fundacionnaturgy.org\/ca\/wp-json\/wp\/v2\/posts\/69935\/revisions"}],"wp:featuredmedia":[{"embeddable":true,"href":"https:\/\/www.fundacionnaturgy.org\/ca\/wp-json\/wp\/v2\/media\/65604"}],"wp:attachment":[{"href":"https:\/\/www.fundacionnaturgy.org\/ca\/wp-json\/wp\/v2\/media?parent=69935"}],"wp:term":[{"taxonomy":"category","embeddable":true,"href":"https:\/\/www.fundacionnaturgy.org\/ca\/wp-json\/wp\/v2\/categories?post=69935"},{"taxonomy":"post_tag","embeddable":true,"href":"https:\/\/www.fundacionnaturgy.org\/ca\/wp-json\/wp\/v2\/tags?post=69935"},{"taxonomy":"content-type","embeddable":true,"href":"https:\/\/www.fundacionnaturgy.org\/ca\/wp-json\/wp\/v2\/content-type?post=69935"}],"curies":[{"name":"wp","href":"https:\/\/api.w.org\/{rel}","templated":true}]}}