{"id":77793,"date":"2021-02-17T13:54:58","date_gmt":"2021-02-17T12:54:58","guid":{"rendered":"https:\/\/www.fundacionnaturgy.org\/?p=77793"},"modified":"2021-02-23T08:32:19","modified_gmt":"2021-02-23T07:32:19","slug":"230-voluntaris-3-600-beneficiaris-aixi-celebrem-el-dia-internacional-dels-voluntaris","status":"publish","type":"post","link":"https:\/\/www.fundacionnaturgy.org\/ca\/230-voluntaris-3-600-beneficiaris-aixi-celebrem-el-dia-internacional-dels-voluntaris\/","title":{"rendered":"230 voluntaris, 3.600 beneficiaris: aix\u00ed celebrem el Dia Internacional dels Voluntaris"},"content":{"rendered":"<div style=\"margin-top: 0px; margin-bottom: 0px;\" class=\"sharethis-inline-share-buttons\" ><\/div><p>Van ser 230 els voluntaris que van acudir a aquesta crida i, gr\u00e0cies a la seva participaci\u00f3 activa en les diferents iniciatives, 3.600 persones es van beneficiar novament de la seva solidaritat.<\/p>\n<p>S\u2019hi van dur a terme tallers d\u2019assessorament energ\u00e8tic <em>online<\/em> a clients vulnerables, sota el guiatge de l\u2019<strong>\u00e0rea de Customer Service<\/strong>, i sessions d\u2019efici\u00e8ncia energ\u00e8tica amb fam\u00edlies en situaci\u00f3 de vulnerabilitat ateses per\u00a0<strong>Creu Roja Espanyola<\/strong>\u00a0i amb persones amb discapacitat intel\u00b7lectual de la\u00a0<strong>Fundaci\u00f3 Gil Gayarre<\/strong>.<\/p>\n<p>Tamb\u00e9 hi va haver una classe magistral sobre construcci\u00f3 i funcionament d\u2019aerogeneradors per motivar joves de col\u00b7lectius vulnerables. I gr\u00e0cies a l\u2019activitat \u201cRei Mag per un dia\u201d, prop de 70 nens de fam\u00edlies vulnerables ateses per la Fundaci\u00f3\u00a0<a href=\"https:\/\/urldefense.proofpoint.com\/v2\/url?u=https-3A__www.youtube.com_watch-3Fv-3DMlCCnJSqr1A&amp;d=DwMFAw&amp;c=qwStF0e4-YFyvjCeML3ehA&amp;r=IlvwKmHILJoZtJLGLV0zDRzrP3JXyVmZP1Seh4B_x-I&amp;m=-RFdkw8QrBl_GsMqLN44F2FJLHohT-T4FpJdBPYLewg&amp;s=J55YGfQxW02R5XWKJFSmvfdxb8UwmDxuoqgxaK3dcJg&amp;e=\">Tengo Hogar<\/a>\u00a0van rebre un regal.<\/p>\n<p>La iniciativa\u00a0\u201c<strong>Quil\u00f2metres d\u2019energia solid\u00e0ria<\/strong>\u201d, amb la qual la Fundaci\u00f3 va voler unir solidaritat i salut, va permetre fer una donaci\u00f3 de 12.000 euros al projecte \u201cAlimentaci\u00f3 Justa\u201d de\u00a0<strong>C\u00e0ritas Espanya<\/strong>.<\/p>\n<p>Les iniciatives es van completar amb un voluntariat ambiental sobre horts urbans i la construcci\u00f3 d\u2019un hotel per a insectes sota el guiatge de la\u00a0<strong>Fundaci\u00f3 Global Nature<\/strong>.<\/p>\n<p><a href=\"https:\/\/www.youtube.com\/watch?v=9yjAC80klsc&amp;t\"><strong>Mostra el v\u00eddeo<\/strong><\/a><\/p>\n","protected":false},"excerpt":{"rendered":"<p>El mes de desembre passat, la Fundaci\u00f3 Naturgy va organitzar una marat\u00f3 d\u2019activitats per celebrar el Dia Internacional dels Voluntaris.<\/p>\n","protected":false},"author":1454,"featured_media":56549,"comment_status":"closed","ping_status":"closed","sticky":false,"template":"","format":"standard","meta":{"inline_featured_image":false},"categories":[917,1082],"tags":[],"content-type":[],"acf":[],"post_class":["post-77793","post","type-post","status-publish","format-standard","has-post-thumbnail","hentry","category-accio-social-ca","category-voluntariat-energetic-ca","wordpress-sticky"],"_links":{"self":[{"href":"https:\/\/www.fundacionnaturgy.org\/ca\/wp-json\/wp\/v2\/posts\/77793"}],"collection":[{"href":"https:\/\/www.fundacionnaturgy.org\/ca\/wp-json\/wp\/v2\/posts"}],"about":[{"href":"https:\/\/www.fundacionnaturgy.org\/ca\/wp-json\/wp\/v2\/types\/post"}],"author":[{"embeddable":true,"href":"https:\/\/www.fundacionnaturgy.org\/ca\/wp-json\/wp\/v2\/users\/1454"}],"replies":[{"embeddable":true,"href":"https:\/\/www.fundacionnaturgy.org\/ca\/wp-json\/wp\/v2\/comments?post=77793"}],"version-history":[{"count":0,"href":"https:\/\/www.fundacionnaturgy.org\/ca\/wp-json\/wp\/v2\/posts\/77793\/revisions"}],"wp:featuredmedia":[{"embeddable":true,"href":"https:\/\/www.fundacionnaturgy.org\/ca\/wp-json\/wp\/v2\/media\/56549"}],"wp:attachment":[{"href":"https:\/\/www.fundacionnaturgy.org\/ca\/wp-json\/wp\/v2\/media?parent=77793"}],"wp:term":[{"taxonomy":"category","embeddable":true,"href":"https:\/\/www.fundacionnaturgy.org\/ca\/wp-json\/wp\/v2\/categories?post=77793"},{"taxonomy":"post_tag","embeddable":true,"href":"https:\/\/www.fundacionnaturgy.org\/ca\/wp-json\/wp\/v2\/tags?post=77793"},{"taxonomy":"content-type","embeddable":true,"href":"https:\/\/www.fundacionnaturgy.org\/ca\/wp-json\/wp\/v2\/content-type?post=77793"}],"curies":[{"name":"wp","href":"https:\/\/api.w.org\/{rel}","templated":true}]}}