{"id":79371,"date":"2021-07-09T08:50:38","date_gmt":"2021-07-09T06:50:38","guid":{"rendered":"https:\/\/www.fundacionnaturgy.org\/la-fundacio-suma-un-nou-curs-dfp-sobre-digitalitzacio-de-xarxes-juntament-amb-ufd\/"},"modified":"2021-07-09T08:50:38","modified_gmt":"2021-07-09T06:50:38","slug":"la-fundacio-suma-un-nou-curs-dfp-sobre-digitalitzacio-de-xarxes-juntament-amb-ufd","status":"publish","type":"post","link":"https:\/\/www.fundacionnaturgy.org\/ca\/la-fundacio-suma-un-nou-curs-dfp-sobre-digitalitzacio-de-xarxes-juntament-amb-ufd\/","title":{"rendered":"La Fundaci\u00f3 suma un nou curs d\u2019FP sobre digitalitzaci\u00f3 de xarxes juntament amb UFD"},"content":{"rendered":"<div style=\"margin-top: 0px; margin-bottom: 0px;\" class=\"sharethis-inline-share-buttons\" ><\/div><p>La inauguraci\u00f3 del curs ha estat a c\u00e0rrec de la directora general de la Fundaci\u00f3, <strong>Mar\u00eda Eugenia Coronado<\/strong>, i del director del Gestor de Sistema de Distribuci\u00f3 a UFD, <strong>Jos\u00e9 Julio P\u00e9rez<\/strong>, els quals han destacat la import\u00e0ncia que els nous professionals del sector tinguin coneixements actualitzats sobre les necessitats reals del sector el\u00e8ctric.<\/p>\n<p>Aquest curs ampliar\u00e0 el programa de formaci\u00f3 professional per a l\u2019ocupabilitat de la Fundaci\u00f3, que ja disposa de formacions gratu\u00eftes espec\u00edfiques en mat\u00e8ria d\u2019edificaci\u00f3 i rehabilitaci\u00f3 sostenible, gas renovable, assessoria energ\u00e8tica en entorns vulnerables i gas natural vehicular, certificades per les administracions p\u00fabliques competents en educaci\u00f3 i impartides per professionals especialitzats.<\/p>\n<p>El pr\u00f2xim curs 2021-22 hi haur\u00e0 m\u00e9s de 9.000 els alumnes beneficiaris d\u2019aquest programa.<\/p>\n","protected":false},"excerpt":{"rendered":"<p>La nostra Fundaci\u00f3 ha sumat a la seva oferta formativa un nou curs de formaci\u00f3 professional per a l\u2019ocupabilitat en digitalitzaci\u00f3 de xarxes el\u00e8ctriques. <\/p>\n","protected":false},"author":1454,"featured_media":79115,"comment_status":"closed","ping_status":"closed","sticky":false,"template":"","format":"standard","meta":{"inline_featured_image":false},"categories":[242],"tags":[878,1075],"content-type":[],"acf":[],"post_class":["post-79371","post","type-post","status-publish","format-standard","has-post-thumbnail","hentry","category-educacio-divulgacio","tag-educacio-ca-2","tag-formacio-professional","wordpress-sticky"],"_links":{"self":[{"href":"https:\/\/www.fundacionnaturgy.org\/ca\/wp-json\/wp\/v2\/posts\/79371"}],"collection":[{"href":"https:\/\/www.fundacionnaturgy.org\/ca\/wp-json\/wp\/v2\/posts"}],"about":[{"href":"https:\/\/www.fundacionnaturgy.org\/ca\/wp-json\/wp\/v2\/types\/post"}],"author":[{"embeddable":true,"href":"https:\/\/www.fundacionnaturgy.org\/ca\/wp-json\/wp\/v2\/users\/1454"}],"replies":[{"embeddable":true,"href":"https:\/\/www.fundacionnaturgy.org\/ca\/wp-json\/wp\/v2\/comments?post=79371"}],"version-history":[{"count":0,"href":"https:\/\/www.fundacionnaturgy.org\/ca\/wp-json\/wp\/v2\/posts\/79371\/revisions"}],"wp:featuredmedia":[{"embeddable":true,"href":"https:\/\/www.fundacionnaturgy.org\/ca\/wp-json\/wp\/v2\/media\/79115"}],"wp:attachment":[{"href":"https:\/\/www.fundacionnaturgy.org\/ca\/wp-json\/wp\/v2\/media?parent=79371"}],"wp:term":[{"taxonomy":"category","embeddable":true,"href":"https:\/\/www.fundacionnaturgy.org\/ca\/wp-json\/wp\/v2\/categories?post=79371"},{"taxonomy":"post_tag","embeddable":true,"href":"https:\/\/www.fundacionnaturgy.org\/ca\/wp-json\/wp\/v2\/tags?post=79371"},{"taxonomy":"content-type","embeddable":true,"href":"https:\/\/www.fundacionnaturgy.org\/ca\/wp-json\/wp\/v2\/content-type?post=79371"}],"curies":[{"name":"wp","href":"https:\/\/api.w.org\/{rel}","templated":true}]}}