{"id":79669,"date":"2021-09-09T09:24:10","date_gmt":"2021-09-09T07:24:10","guid":{"rendered":"https:\/\/www.fundacionnaturgy.org\/espanya-emet-un-terc-menys-de-gasos-amb-efecte-dhivernacle-per-capita-que-alemanya\/"},"modified":"2021-09-09T09:24:10","modified_gmt":"2021-09-09T07:24:10","slug":"espanya-emet-un-terc-menys-de-gasos-amb-efecte-dhivernacle-per-capita-que-alemanya","status":"publish","type":"post","link":"https:\/\/www.fundacionnaturgy.org\/ca\/espanya-emet-un-terc-menys-de-gasos-amb-efecte-dhivernacle-per-capita-que-alemanya\/","title":{"rendered":"Espanya emet un ter\u00e7 menys de gasos amb efecte d\u2019hivernacle per c\u00e0pita que Alemanya"},"content":{"rendered":"<div style=\"margin-top: 0px; margin-bottom: 0px;\" class=\"sharethis-inline-share-buttons\" ><\/div><p>Les emissions de gasos amb efecte d\u2019hivernacle (GEI) per c\u00e0pita s\u00f3n un ter\u00e7 m\u00e9s baixes a Espanya que a Alemanya. Aix\u00ed ho recull l\u2019estudi \u201cEvoluci\u00f3 de les emissions sectorials de gasos amb efecte d\u2019hivernacle en el context europeu\u201d, elaborat per la consultora internacional de medi ambient Liken Carbon Hub i publicat per Fundaci\u00f3 Naturgy.<\/p>\n<p>Si es prenen les emissions absolutes, Espanya emet tres vegades menys GEI que Alemanya. El 2019, Alemanya es va situar com la principal economia per emissions de GEI en el marc de la UE, amb un 22% del total. Espanya va emetre un ter\u00e7 dels valors d\u2019Alemanya, amb una aportaci\u00f3 del 8% al total d\u2019emissions, i a certa dist\u00e0ncia del pa\u00eds germ\u00e0nic es van situar altres com Fran\u00e7a (12%), It\u00e0lia (11%) i Pol\u00f2nia (10%).<\/p>\n<p><strong>Luis Robles<\/strong>, soci director de Liken Carbon Hub i coautor de l\u2019informe, explica que \u201csi b\u00e9 les dades agregades aporten informaci\u00f3 valuosa en relaci\u00f3 amb els volums totals d\u2019emissions de les diferents economies, una an\u00e0lisi m\u00e9s detallada sobre les emissions per c\u00e0pita permet veure una alteraci\u00f3 significativa de les posicions al marc europeu, amb dos grans grups: un de format pels Pa\u00efsos Baixos, Alemanya, Pol\u00f2nia i \u00c0ustria, amb al voltant de 10\u00a0tCO<sub>2<\/sub>e\/habitant, i un altre amb Espanya, It\u00e0lia, Fran\u00e7a, Portugal, amb emissions d\u2019aproximadament 6,5\u00a0tCO<sub>2<\/sub>e\/habitant\u201d.<\/p>\n<p>El nivell d\u2019emissions per c\u00e0pita d\u2019Espanya, que \u00e9s el quart pa\u00eds m\u00e9s poblat de la UE nom\u00e9s superat per Alemanya, Fran\u00e7a i It\u00e0lia, es va situar lleugerament per sota de la mitjana europea. Si es pren el per\u00edode 2015-2019 de refer\u00e8ncia, Alemanya va ser el pa\u00eds que m\u00e9s va reduir les seves emissions, un 10,2%, seguit de Portugal (7,7%), Pa\u00efsos Baixos (7,6%), Espanya (6,3%), Fran\u00e7a (5,8%) i It\u00e0lia (3,4%), mentre que \u00c0ustria i Pol\u00f2nia van tenir un lleuger repunt de l\u20191,5%.<\/p>\n<p><strong>La generaci\u00f3 el\u00e8ctrica emet un 60% menys des de 2005 <\/strong><\/p>\n<p>Les dades de l\u2019evoluci\u00f3 de les emissions de GEI a Espanya des del 2005, any en qu\u00e8 es va comen\u00e7ar a aplicar R\u00e8gim de Comer\u00e7 de Drets d\u2019Emissi\u00f3 (RCDE), donen una reducci\u00f3 del 28,6% fins al 2019. \u201cAquesta bona evoluci\u00f3 est\u00e0 lligada especialment a l\u2019evoluci\u00f3 del sector energia, i de manera m\u00e9s directa a la reducci\u00f3 progressiva d\u2019emissions a la producci\u00f3 d\u2019electricitat\u201d, segons <strong>Jos\u00e9 Antonio Gesto<\/strong>, soci director de Liken Carbon i coautor de l\u2019estudi.<\/p>\n<p>El sector energia inclou, entre altres activitats, les ind\u00fastries energ\u00e8tiques (fonamentalment generaci\u00f3 d\u2019energia el\u00e8ctrica), i emissions lligades al transport, als sectors residencial i comercial i al consum de combustibles per part de la ind\u00fastria.<\/p>\n<p>Segons les dades que recull el document, les emissions de la ind\u00fastria relacionades exclusivament amb processos industrials, que representen aproximadament a Espanya el 10% de les totals entre el 2005 i el 2019, es van reduir en un 40%. \u201cEl sector energia, el m\u00e9s important en termes totals d\u2019emissions, va disminuir la seva contribuci\u00f3 el 2019 en un 31% en relaci\u00f3 amb els nivells del 2005\u201d, detalla Gesto. L\u2019expert destaca la reducci\u00f3 a la producci\u00f3 d\u2019electricitat, que va protagonitzar la baixada m\u00e9s significativa des del 2005, amb un 62% menys d\u2019emissions.<\/p>\n<p>El pes de les emissions de la generaci\u00f3 el\u00e8ctrica a Espanya respecte a les emissions totals del pa\u00eds va ser del 13,7%, molt lluny de les xifres d\u2019Alemanya (26,9%), Pol\u00f2nia (36,5%) o els Pa\u00efsos Baixos (24,7%), i per sota tamb\u00e9 de les d\u2019It\u00e0lia (16,1%) i Portugal (17,1%).<\/p>\n<p>A tots els pa\u00efsos, els sectors difusos (que no estan inclosos en el R\u00e8gim Europeu de Comer\u00e7 de Drets d\u2019Emissi\u00f3) superen el 50% de les emissions nacionals. El focus d\u2019emissions principal a tots els pa\u00efsos \u00e9s el transport.<\/p>\n<p>L\u2019informe tamb\u00e9 recull les estimacions m\u00e9s recents d\u2019emissions el 2020, que assenyalen que el nivell de contracci\u00f3 de l\u2019economia espanyola a causa de la pand\u00e8mia hauria portat les emissions a nivells en l\u2019entorn dels existents el 1990.\u00a0 Gesto recorda que \u201cla Llei de canvi clim\u00e0tic xifra l\u2019objectiu de reducci\u00f3 d\u2019emissions en un 23% respecte a les del 1990, per la qual cosa aquesta relativa coincid\u00e8ncia amb les previsions del 2020 reflecteix l\u2019apassionant desafiament que tenim per assolir els objectius compromesos, ja que alguns dels sectors econ\u00f2mics que han protagonitzat els guanys d\u2019efici\u00e8ncia m\u00e9s importants en termes d\u2019emissions s\u00f3n ja a prop dels seus m\u00e0xims t\u00e8cnics\u201d.<\/p>\n<p>L\u2019informe \u00e9s la segona edici\u00f3 del que va publicar la Fundaci\u00f3 Naturgy l\u2019any passat i mostra l\u2019evoluci\u00f3 de les emissions a Espanya en el per\u00edode 2005-2019, a partir de la informaci\u00f3 oficial publicada als Inventaris Nacionals de Gasos amb Efecte d\u2019Hivernacle (INGEI). En aquesta segona edici\u00f3, analitza tamb\u00e9 les dades oficials facilitades pels principals pa\u00efsos del nostre entorn, que representen entre el 70% i el 75% de les emissions de la UE, entre els anys 2015 i 2019.<\/p>\n","protected":false},"excerpt":{"rendered":"<p>La producci\u00f3 d\u2019electricitat va disminuir les emissions un 62% entre el 2005 i el 2019.<\/p>\n<p>El pa\u00eds redueix gaireb\u00e9 un ter\u00e7 les seves emissions des del 2005, any en qu\u00e8 es va comen\u00e7ar a aplicar el mercat de drets d\u2019emissi\u00f3 de CO<sub>2<\/sub>, sobretot a causa de la positiva evoluci\u00f3 del sector energia.<\/p>\n","protected":false},"author":1454,"featured_media":79444,"comment_status":"closed","ping_status":"closed","sticky":false,"template":"","format":"standard","meta":{"inline_featured_image":false},"categories":[240],"tags":[506],"content-type":[],"acf":[],"post_class":["post-79669","post","type-post","status-publish","format-standard","has-post-thumbnail","hentry","category-energia-i-medi-ambient","tag-energia-i-medi-ambient","wordpress-sticky"],"_links":{"self":[{"href":"https:\/\/www.fundacionnaturgy.org\/ca\/wp-json\/wp\/v2\/posts\/79669"}],"collection":[{"href":"https:\/\/www.fundacionnaturgy.org\/ca\/wp-json\/wp\/v2\/posts"}],"about":[{"href":"https:\/\/www.fundacionnaturgy.org\/ca\/wp-json\/wp\/v2\/types\/post"}],"author":[{"embeddable":true,"href":"https:\/\/www.fundacionnaturgy.org\/ca\/wp-json\/wp\/v2\/users\/1454"}],"replies":[{"embeddable":true,"href":"https:\/\/www.fundacionnaturgy.org\/ca\/wp-json\/wp\/v2\/comments?post=79669"}],"version-history":[{"count":0,"href":"https:\/\/www.fundacionnaturgy.org\/ca\/wp-json\/wp\/v2\/posts\/79669\/revisions"}],"wp:featuredmedia":[{"embeddable":true,"href":"https:\/\/www.fundacionnaturgy.org\/ca\/wp-json\/wp\/v2\/media\/79444"}],"wp:attachment":[{"href":"https:\/\/www.fundacionnaturgy.org\/ca\/wp-json\/wp\/v2\/media?parent=79669"}],"wp:term":[{"taxonomy":"category","embeddable":true,"href":"https:\/\/www.fundacionnaturgy.org\/ca\/wp-json\/wp\/v2\/categories?post=79669"},{"taxonomy":"post_tag","embeddable":true,"href":"https:\/\/www.fundacionnaturgy.org\/ca\/wp-json\/wp\/v2\/tags?post=79669"},{"taxonomy":"content-type","embeddable":true,"href":"https:\/\/www.fundacionnaturgy.org\/ca\/wp-json\/wp\/v2\/content-type?post=79669"}],"curies":[{"name":"wp","href":"https:\/\/api.w.org\/{rel}","templated":true}]}}