{"id":85661,"date":"2023-05-11T09:28:15","date_gmt":"2023-05-11T07:28:15","guid":{"rendered":"https:\/\/www.fundacionnaturgy.org\/fundacio-naturgy-consolida-el-certamen-tecnologic-efigy-i-premia-per-cinque-any-consecutiu-els-cinc-millors-projectes-escolars-deficiencia-energetica-de-centres-educatius-espanyols\/"},"modified":"2023-05-11T09:28:15","modified_gmt":"2023-05-11T07:28:15","slug":"fundacio-naturgy-consolida-el-certamen-tecnologic-efigy-i-premia-per-cinque-any-consecutiu-els-cinc-millors-projectes-escolars-deficiencia-energetica-de-centres-educatius-espanyols","status":"publish","type":"post","link":"https:\/\/www.fundacionnaturgy.org\/ca\/fundacio-naturgy-consolida-el-certamen-tecnologic-efigy-i-premia-per-cinque-any-consecutiu-els-cinc-millors-projectes-escolars-deficiencia-energetica-de-centres-educatius-espanyols\/","title":{"rendered":"Fundaci\u00f3 Naturgy consolida el Certamen Tecnol\u00f2gic Efigy i premia per cinqu\u00e8 any consecutiu els cinc millors projectes escolars d&#8217;efici\u00e8ncia energ\u00e8tica de centres educatius espanyols"},"content":{"rendered":"<div style=\"margin-top: 0px; margin-bottom: 0px;\" class=\"sharethis-inline-share-buttons\" ><\/div><p>Cinc centres educatius de Navarra, Extremadura, Catalunya, Illes Balears i Andalusia han resultat guanyadors de la cinquena edici\u00f3 del Certamen Tecnol\u00f2gic Efigy, amb qu\u00e8 Fundaci\u00f3 Naturgy repta estudiants de 3r i 4t curs d&#8217;ESO de tot Espanya a presentar projectes d&#8217;innovaci\u00f3 i efici\u00e8ncia energ\u00e8tica que contribueixin a millorar la salut ambiental del planeta. La fundaci\u00f3 de la companyia energ\u00e8tica cerca aix\u00ed fomentar les vocacions STEM i els valors d&#8217;efici\u00e8ncia energ\u00e8tica entre els joves, en una iniciativa que aquest any arriba a la cinquena edici\u00f3.<\/p>\n<p>Els projectes guanyadors proposen diverses iniciatives vinculades a obtenir energia solar, aprofitar recursos naturals, construir autogeneradors, estalvi energ\u00e8tic o disminuir la contaminaci\u00f3 lum\u00ednica.<\/p>\n<p>Joves de diferents localitats d&#8217;Espanya han compartit i defensat avui els seus projectes escolars en una jornada a Madrid, i els premiats s&#8217;han conegut en una gala posterior, presentada per la periodista Patricia Fern\u00e1ndez de Lis, redactora en cap de Ci\u00e8ncia, Tecnologia i Salut d&#8217;El Pa\u00eds.<\/p>\n<p>El jurat, format per representants de l&#8217;Institut per a la Transici\u00f3 Justa (ITJ), el Consell Superior d&#8217;Investigacions Cient\u00edfiques (CSIC), la Fundaci\u00f3 Espanyola per a la Ci\u00e8ncia i la Tecnologia (FECYT), Naturgy i Fundaci\u00f3 Naturgy, tamb\u00e9 va participar a l&#8217;esdeveniment i va valorar la capacitat innovadora dels participants en l&#8217;\u00e0mbit de l&#8217;energia, el desenvolupament de projectes originals basats en dades emp\u00edriques i els coneixements cientificotecnol\u00f2gics demostrats que permetrien dur a terme els projectes guanyadors.<\/p>\n<p>La directora general de la Fundaci\u00f3 Naturgy, Mar\u00eda Eugenia Coronado, va felicitar tots els participants d&#8217;aquesta cinquena edici\u00f3 del certamen per la creativitat i l&#8217;aplicabilitat de tots els projectes presentats, ressaltant \u201cla qualitat de les propostes, aix\u00ed com la dedicaci\u00f3 d&#8217;alumnes i professors \u201d. &#8220;L\u00b4\u00e8xit del Certamen Tecnol\u00f2gic Efigy rau en l\u00b4esfor\u00e7 dels escolars que, cada any, presenten projectes tecnol\u00f2gics innovadors, tan necessaris per continuar incrementant l\u00b4efici\u00e8ncia energ\u00e8tica&#8221;. Coronado va recordar que &#8220;l&#8217;objectiu d&#8217;aquesta iniciativa \u00e9s crear un entorn d&#8217;aprenentatge on s&#8217;afavoreixi l&#8217;acc\u00e9s al coneixement especialitzat i el foment de vocacions tecnol\u00f2giques, perqu\u00e8 entre tots podem garantir una transici\u00f3 energ\u00e8tica justa i avan\u00e7ar en la sostenibilitat del planeta&#8221; .<\/p>\n<p>En aquesta cinquena edici\u00f3, el Certamen Tecnol\u00f2gic Efigy ha comptat amb la participaci\u00f3 de m\u00e9s d&#8217;un miler d&#8217;alumnes de 3r i 4t d&#8217;ESO de 11 comunitats aut\u00f2nomes: Andalusia, Ast\u00faries, Comunitat de Madrid, Comunitat Valenciana, Catalunya, Extremadura, Gal\u00edcia, Illes Balears, Illes Can\u00e0ries, La Rioja i Navarra.<\/p>\n<p>Els projectes guanyadors<\/p>\n<p>Els alumnes del centre escolar IES Mendillorri (Pamplona, Navarra) van ser reconeguts a la categoria de \u2018Projecte m\u00e9s realitzable\u2019. La seva proposta &#8216;Hornejant energia&#8217; consistia en l&#8217;estudi de la viabilitat de construir un forn solar amb una termopila per obtenir energia.<\/p>\n<p>Per la seva banda, el centre escolar IESO Mariano Barbacid (Solana de Barros, Badajoz, Extremadura) i el seu New Step Energy. L&#8217;electricitat als teus peus\u201d, va obtenir el guard\u00f3 a la categoria de \u2018Projecte m\u00e9s innovador\u2019. La seva proposta va consistir en la creaci\u00f3 d&#8217;un prototip per a la transformaci\u00f3 de l&#8217;energia mec\u00e0nica que es realitza en caminar en energia el\u00e8ctrica i el seu emmagatzematge posterior.<\/p>\n<p>El guard\u00f3 en la categoria al &#8216;Millor comunicat&#8217; va recaure al centre educatiu Institut Roquetes, ubicat al municipi tarragon\u00ed del mateix nom. Els seus alumnes, amb el projecte NameE, van plantejar la creaci\u00f3 d&#8217;una cel\u00b7la de combustible microbiana per aprofitar la humitat de l&#8217;aire que es condensa a l&#8217;exterior dels pisos i l&#8217;aigua recollida procedent de la pluja.<\/p>\n<p>El reconeixement al Centre educatiu &#8216;M\u00e9s implicat&#8217; va ser per a l&#8217;IES Port d&#8217;Alc\u00fadia, del municipi balear del mateix nom. El projecte &#8216;Eolo&#8217; planteja fer energ\u00e8ticament autosuficient i sostenible el centre educatiu mitjan\u00e7ant el disseny i la construcci\u00f3 d&#8217;un prototip d&#8217;aerogenerador a partir de material reutilitzable i reciclable.<\/p>\n<p>El jurat tamb\u00e9 va fer un reconeixement especial per a l&#8217;IES Aurantia (Benahadux, Almeria, Andalusia) amb l&#8217;Acc\u00e8ssit al &#8216;projecte m\u00e9s realitzable&#8217;, pel seu projecte &#8216;SMILE &#8211; Smart Makers Invest Less Energy&#8217;, que proposa estalviar energia el\u00e8ctrica gr\u00e0cies al disseny de fanals intel\u00b7ligents per tal de reduir la contaminaci\u00f3 lum\u00ednica i el cost econ\u00f2mic i energ\u00e8tic que comporta l&#8217;\u00fas innecessari de la il\u00b7luminaci\u00f3.<\/p>\n<p>Com a les quatre edicions anteriors, la d&#8217;aquest any ha incl\u00f2s tamb\u00e9 la votaci\u00f3 popular a trav\u00e9s de les xarxes socials de la Fundaci\u00f3 Naturgy. Els v\u00eddeos dels projectes semifinalistes van tenir m\u00e9s de 32.700 visualitzacions i prop de 9.000 likes.<\/p>\n<p>Aquest any el jurat d&#8217;experts ha estat format per Ana Bel\u00e9n S\u00e1nchez, assessora en Transici\u00f3 Justa de la vicepresidenta i ministra per a la<\/p>\n<p>Transici\u00f3 Ecol\u00f2gica i el Repte Demogr\u00e0fic; Bel\u00e9n Gilarranz, responsable de relacions institucionals de FECYT, dependent del Ministeri de Ci\u00e8ncia i Innovaci\u00f3; Miguel A. Pe\u00f1a, Research Scientist a l&#8217;Institut de Cat\u00e0lisi i Petroleoqu\u00edmica del CSIC; Nuria Rodr\u00edguez, directora de Medi Ambient i RSC de Naturgy; i Manuel Calvo, cap d&#8217;Energia i Medi Ambient de la Fundaci\u00f3 Naturgy.<\/p>\n<p>Cinc anys del Certamen Tecnol\u00f2gic Efigy<\/p>\n<p>Amb la celebraci\u00f3 d&#8217;aquesta nova edici\u00f3, fa cinc anys que la Fundaci\u00f3 Naturgy va posar en marxa el Certamen Tecnol\u00f2gic Efigy. Durant aquest temps, la iniciativa ha comptat amb la participaci\u00f3 de m\u00e9s de 6.000 alumnes de 3r i 4t d&#8217;ESO procedents de 85 centres educatius de 13 comunitats aut\u00f2nomes. En total, s\u201fhan avaluat m\u00e9s de 200 projectes sobre efici\u00e8ncia energ\u00e8tica, que han despertat l\u201finter\u00e8s de les xarxes socials obtenint m\u00e9s de 80.000 visualitzacions.<\/p>\n<p>El Certamen Tecnol\u00f2gic Efigy forma part del Programa Efigy Education, amb qu\u00e8 Fundaci\u00f3 Naturgy ofereix un ampli cat\u00e0leg formatiu en l&#8217;\u00e0mbit del canvi clim\u00e0tic i les noves tecnologies energ\u00e8tiques, amb m\u00e9s d&#8217;un mili\u00f3 de persones beneficiades des del 2018. Aquest programa compta amb el reconeixement i col\u00b7laboraci\u00f3 d&#8217;institucions de refer\u00e8ncia en l&#8217;\u00e0mbit de l&#8217;educaci\u00f3 i la investigaci\u00f3, com ara el Ministeri d&#8217;Educaci\u00f3 i Formaci\u00f3 Professional, la FECYT i el CSIC.<\/p>\n","protected":false},"excerpt":{"rendered":"<p>Cinc centres educatius de Navarra, Extremadura, Catalunya, Illes Balears i Andalusia han estat reconeguts per un jurat d&#8217;experts format per representants de l&#8217;ITJ, el CSIC, la FECYT, Naturgy i la Fundaci\u00f3 Naturgy, en una gala celebrada avui a Madrid.<\/p>\n","protected":false},"author":1454,"featured_media":85534,"comment_status":"closed","ping_status":"closed","sticky":false,"template":"","format":"standard","meta":{"inline_featured_image":false},"categories":[242],"tags":[],"content-type":[1222],"acf":[],"post_class":["post-85661","post","type-post","status-publish","format-standard","has-post-thumbnail","hentry","category-educacio-divulgacio","content-type-nota-premsa","wordpress-sticky"],"_links":{"self":[{"href":"https:\/\/www.fundacionnaturgy.org\/ca\/wp-json\/wp\/v2\/posts\/85661"}],"collection":[{"href":"https:\/\/www.fundacionnaturgy.org\/ca\/wp-json\/wp\/v2\/posts"}],"about":[{"href":"https:\/\/www.fundacionnaturgy.org\/ca\/wp-json\/wp\/v2\/types\/post"}],"author":[{"embeddable":true,"href":"https:\/\/www.fundacionnaturgy.org\/ca\/wp-json\/wp\/v2\/users\/1454"}],"replies":[{"embeddable":true,"href":"https:\/\/www.fundacionnaturgy.org\/ca\/wp-json\/wp\/v2\/comments?post=85661"}],"version-history":[{"count":0,"href":"https:\/\/www.fundacionnaturgy.org\/ca\/wp-json\/wp\/v2\/posts\/85661\/revisions"}],"wp:featuredmedia":[{"embeddable":true,"href":"https:\/\/www.fundacionnaturgy.org\/ca\/wp-json\/wp\/v2\/media\/85534"}],"wp:attachment":[{"href":"https:\/\/www.fundacionnaturgy.org\/ca\/wp-json\/wp\/v2\/media?parent=85661"}],"wp:term":[{"taxonomy":"category","embeddable":true,"href":"https:\/\/www.fundacionnaturgy.org\/ca\/wp-json\/wp\/v2\/categories?post=85661"},{"taxonomy":"post_tag","embeddable":true,"href":"https:\/\/www.fundacionnaturgy.org\/ca\/wp-json\/wp\/v2\/tags?post=85661"},{"taxonomy":"content-type","embeddable":true,"href":"https:\/\/www.fundacionnaturgy.org\/ca\/wp-json\/wp\/v2\/content-type?post=85661"}],"curies":[{"name":"wp","href":"https:\/\/api.w.org\/{rel}","templated":true}]}}