{"id":86931,"date":"2023-10-02T14:00:53","date_gmt":"2023-10-02T12:00:53","guid":{"rendered":"https:\/\/www.fundacionnaturgy.org\/fundacio-naturgy-i-la-conselleria-deducacio-i-formacio-professional-collaboraran-per-fomentar-locupabilitat-en-lambit-de-lenergia\/"},"modified":"2023-10-02T14:00:53","modified_gmt":"2023-10-02T12:00:53","slug":"fundacio-naturgy-i-la-conselleria-deducacio-i-formacio-professional-collaboraran-per-fomentar-locupabilitat-en-lambit-de-lenergia","status":"publish","type":"post","link":"https:\/\/www.fundacionnaturgy.org\/ca\/fundacio-naturgy-i-la-conselleria-deducacio-i-formacio-professional-collaboraran-per-fomentar-locupabilitat-en-lambit-de-lenergia\/","title":{"rendered":"Fundaci\u00f3 Naturgy i la Conselleria d\u2019Educaci\u00f3 i Formaci\u00f3 Professional col\u00b7laboraran per fomentar l\u2019ocupabilitat en l\u2019\u00e0mbit de l\u2019energia"},"content":{"rendered":"<div style=\"margin-top: 0px; margin-bottom: 0px;\" class=\"sharethis-inline-share-buttons\" ><\/div><p>Fundaci\u00f3 Naturgy contribuir\u00e0 a l\u2019actualitzaci\u00f3 de continguts curriculars de cicles de formaci\u00f3 professional (FP) relacionats amb l\u2019energia i a l\u2019ocupabilitat dels joves en l\u2019\u00e0mbit de la transici\u00f3 energ\u00e8tica, en virtut d\u2019un conveni subscrit avui amb la Conselleria d\u2019Educaci\u00f3 i Formaci\u00f3 Professional de la Junta d\u2019Andalusia.<\/p>\n<p>En el marc del seu programa de Formaci\u00f3 Professional per a l\u2019Ocupabilitat, Fundaci\u00f3 Naturgy contribuir\u00e0 a la transfer\u00e8ncia de coneixement als cicles de formaci\u00f3 professional vinculats amb l\u2019energia per adaptar-los a l\u2019evoluci\u00f3 de les innovacions tecnol\u00f2giques i de compet\u00e8ncies professionals que requereix el mercat laboral en l\u2019actualitat. D\u2019aquesta manera, impartir\u00e0 formaci\u00f3 i capacitar\u00e0 docents, alumnes i professionals del sector en \u00e0mbits com el medi ambient, l\u2019efici\u00e8ncia energ\u00e8tica i la implantaci\u00f3 de noves tecnologies.<\/p>\n<p>La fundaci\u00f3 de la companyia energ\u00e8tica assessorar\u00e0 i desenvolupar\u00e0 continguts in\u00e8dits per a l\u2019actualitzaci\u00f3 de plans d\u2019estudis, refor\u00e7ant compet\u00e8ncies professionals i personals; col\u00b7laborar\u00e0 en la formaci\u00f3 i l&#8217;actualitzaci\u00f3 del professorat i dels alumnes; cedir\u00e0 material did\u00e0ctic als centres que imparteixin cicles formatius relacionats amb el sector energ\u00e8tic; i impartir\u00e0 sessions en tend\u00e8ncies laborals de futur a l&#8217;alumnat per millorar l\u2019ocupabilitat en el sector.<\/p>\n<p>La Conselleria d\u2019Educaci\u00f3, per la seva part, promour\u00e0 que els centres educatius participin en les activitats i afavorir\u00e0 que els docents rebin la formaci\u00f3 per a formadors amb els coneixements actualitzats que ofereix Fundaci\u00f3 Naturgy. Les dues institucions reconeixeran, registraran i certificaran la formaci\u00f3 que es faci mitjan\u00e7ant aquesta col\u00b7laboraci\u00f3.<\/p>\n<p><strong>Patricia del Pozo<\/strong>, consellera de Desenvolupament Educatiu i Formaci\u00f3 Professional de la Junta d\u2019Andalusia, i <strong>Mar\u00eda Eugenia Coronado<\/strong>, directora general de Fundaci\u00f3 Naturgy, han subscrit avui el conveni.<\/p>\n<p>Del Pozo ha destacat \u201cla import\u00e0ncia de treballar de manera conjunta amb les empreses per dissenyar una planificaci\u00f3 adequada que, a m\u00e9s de formar els joves en mat\u00e8ries que tenen futur, proporciona els perfils professionals que demanen els diferents sectors productius\u201d.<\/p>\n<p>En aquest sentit, segons Coronado, \u201cla formaci\u00f3 professional en el sector de l\u2019energia s&#8217;ha d\u2019adaptar a les compet\u00e8ncies professionals que sol\u00b7liciten les empreses del sector. Per aix\u00f2, des de Fundaci\u00f3 Naturgy ens satisf\u00e0 sumar Andalusia a les altres vuit comunitats aut\u00f2nomes on oferim formaci\u00f3 professional sobre energia, amb est\u00e0ndards de qualitat elevats i actualitzada segons els aven\u00e7os tecnol\u00f2gics i els requisits del mercat laboral\u201d.<\/p>\n<p>A Andalusia, Fundaci\u00f3 Naturgy ha impartit formaci\u00f3, des del 2021, a mig centenar de professors de formaci\u00f3 professional i a m\u00e9s de 2.000 alumnes de 29 centres educatius. Amb el conveni signat avui es vol impulsar aquesta activitat a la Comunitat.<\/p>\n<p><strong>Programa de Formaci\u00f3 Professional per a l\u2019Ocupabilitat de la Fundaci\u00f3 Naturgy<\/strong><\/p>\n<p>La Fundaci\u00f3 Naturgy ha fet una aposta decisiva per promoure la capacitaci\u00f3 de joves, aturats i professionals que requereixen un reciclatge derivat de la transformaci\u00f3 tecnol\u00f2gica del sector energ\u00e8tic. El programa de Formaci\u00f3 Professional per a l\u2019Ocupabilitat millora la preparaci\u00f3 dels futurs professionals del sector i en facilita l\u2019acc\u00e9s al mercat laboral.<\/p>\n<p>A escala nacional, des de la posada en marxa del seu programa de Formaci\u00f3 Professional per a l\u2019Ocupabilitat, m\u00e9s de 63.000 alumnes ja s\u2019han beneficiat de la formaci\u00f3 rebuda a les vuit comunitats aut\u00f2nomes amb les quals Fundaci\u00f3 Naturgy t\u00e9 establerts acords de col\u00b7laboraci\u00f3 (Madrid, Gal\u00edcia, Catalunya, Ast\u00faries, la Comunitat Valenciana, Castella i Lle\u00f3, Castella-la Manxa i Extremadura).<\/p>\n<p>La fundaci\u00f3 ofereix vuit m\u00f2duls formatius que capaciten i certifiquen els alumnes amb coneixements t\u00e8cnics actualitzats en \u00e0rees com ara la mobilitat sostenible, la rehabilitaci\u00f3 i l\u2019edificaci\u00f3 sostenible, els gasos renovables, la digitalitzaci\u00f3 de xarxes el\u00e8ctriques, l\u2019assessorament energ\u00e8tic en entorns vulnerables, la instal\u00b7laci\u00f3 i el manteniment de plaques fotovoltaiques, i les xarxes de gas verdes i digitals i la sostenibilitat aplicada al sistema productiu.<\/p>\n<p>La proposta formativa de Fundaci\u00f3 Naturgy s\u2019alinea amb l\u2019Estrat\u00e8gia de Transici\u00f3 Justa, i t\u00e9 el reconeixement i la col\u00b7laboraci\u00f3 del Ministeri d\u2019Educaci\u00f3 i Formaci\u00f3 Professional, les administracions competents en educaci\u00f3 i ocupaci\u00f3 de nou comunitats aut\u00f2nomes, el Servei P\u00fablic d\u2019Ocupaci\u00f3 Estatal (SEPE), la Fundaci\u00f3 Estatal per a la Formaci\u00f3 en l\u2019Ocupaci\u00f3 (FUNDAE) i l\u2019Institut Nacional de Qualificacions (INCUAL).<\/p>\n<p><strong>Fundaci\u00f3 Naturgy<\/strong><\/p>\n<p>Entre les seves l\u00ednies d&#8217;actuaci\u00f3, la Fundaci\u00f3 Naturgy t\u00e9 l&#8217;objectiu de transferir coneixements especialitzats sobre les noves tecnologies energ\u00e8tiques i les claus de la transici\u00f3 cap a un sistema d\u2019energia m\u00e9s sostenible, aix\u00ed com de divulgar valors de preservaci\u00f3 del medi ambient i el consum responsable d\u2019energia. Creada el 1992 per la companyia energ\u00e8tica, la fundaci\u00f3 tamb\u00e9 desenvolupa programes d\u2019acci\u00f3 social, incidint especialment en actuacions destinades a pal\u00b7liar la vulnerabilitat energ\u00e8tica.<\/p>\n","protected":false},"excerpt":{"rendered":"<p>La fundaci\u00f3 de la companyia energ\u00e8tica ha format m\u00e9s de 2.000 persones andaluses en els dos \u00faltims anys, entre docents d\u2019FP, alumnes i professionals del sector, en mat\u00e8ries relacionades amb la transici\u00f3 energ\u00e8tica.<\/p>\n","protected":false},"author":1454,"featured_media":86690,"comment_status":"closed","ping_status":"closed","sticky":false,"template":"","format":"standard","meta":{"inline_featured_image":false},"categories":[242],"tags":[],"content-type":[1222],"acf":[],"post_class":["post-86931","post","type-post","status-publish","format-standard","has-post-thumbnail","hentry","category-educacio-divulgacio","content-type-nota-premsa","wordpress-sticky"],"_links":{"self":[{"href":"https:\/\/www.fundacionnaturgy.org\/ca\/wp-json\/wp\/v2\/posts\/86931"}],"collection":[{"href":"https:\/\/www.fundacionnaturgy.org\/ca\/wp-json\/wp\/v2\/posts"}],"about":[{"href":"https:\/\/www.fundacionnaturgy.org\/ca\/wp-json\/wp\/v2\/types\/post"}],"author":[{"embeddable":true,"href":"https:\/\/www.fundacionnaturgy.org\/ca\/wp-json\/wp\/v2\/users\/1454"}],"replies":[{"embeddable":true,"href":"https:\/\/www.fundacionnaturgy.org\/ca\/wp-json\/wp\/v2\/comments?post=86931"}],"version-history":[{"count":0,"href":"https:\/\/www.fundacionnaturgy.org\/ca\/wp-json\/wp\/v2\/posts\/86931\/revisions"}],"wp:featuredmedia":[{"embeddable":true,"href":"https:\/\/www.fundacionnaturgy.org\/ca\/wp-json\/wp\/v2\/media\/86690"}],"wp:attachment":[{"href":"https:\/\/www.fundacionnaturgy.org\/ca\/wp-json\/wp\/v2\/media?parent=86931"}],"wp:term":[{"taxonomy":"category","embeddable":true,"href":"https:\/\/www.fundacionnaturgy.org\/ca\/wp-json\/wp\/v2\/categories?post=86931"},{"taxonomy":"post_tag","embeddable":true,"href":"https:\/\/www.fundacionnaturgy.org\/ca\/wp-json\/wp\/v2\/tags?post=86931"},{"taxonomy":"content-type","embeddable":true,"href":"https:\/\/www.fundacionnaturgy.org\/ca\/wp-json\/wp\/v2\/content-type?post=86931"}],"curies":[{"name":"wp","href":"https:\/\/api.w.org\/{rel}","templated":true}]}}