{"id":87372,"date":"2023-10-27T12:16:39","date_gmt":"2023-10-27T10:16:39","guid":{"rendered":"https:\/\/www.fundacionnaturgy.org\/la-nostra-fundacio-participa-en-un-esdeveniment-dalt-nivell-sobre-transicio-justa-com-a-part-de-lagenda-de-la-presidencia-despanya-del-consell-de-la-unio-europea\/"},"modified":"2023-10-30T19:23:09","modified_gmt":"2023-10-30T18:23:09","slug":"la-nostra-fundacio-participa-en-un-esdeveniment-dalt-nivell-sobre-transicio-justa-com-a-part-de-lagenda-de-la-presidencia-despanya-del-consell-de-la-unio-europea","status":"publish","type":"post","link":"https:\/\/www.fundacionnaturgy.org\/ca\/la-nostra-fundacio-participa-en-un-esdeveniment-dalt-nivell-sobre-transicio-justa-com-a-part-de-lagenda-de-la-presidencia-despanya-del-consell-de-la-unio-europea\/","title":{"rendered":"La nostra Fundaci\u00f3 participa en un esdeveniment d\u2019alt nivell sobre transici\u00f3 justa, com a part de l\u2019agenda de la Presid\u00e8ncia d\u2019Espanya del Consell de la Uni\u00f3 Europea"},"content":{"rendered":"<div style=\"margin-top: 0px; margin-bottom: 0px;\" class=\"sharethis-inline-share-buttons\" ><\/div><p>L\u2019objectiu de l\u2019esdeveniment va ser dialogar sobre la transici\u00f3 justa,\u00a0com a cam\u00ed imprescindible i un factor accelerador per a la\u00a0reindustrialitzaci\u00f3 d\u2019Europa, en un\u00a0marc de neutralitat clim\u00e0tica a 2030\u00a0i conforme amb els compromisos adoptats en l\u2019Acord de Par\u00eds. La trobada va estar presidida per <strong>Teresa Ribera<\/strong>, vicepresidenta tercera i Ministra per a la Transici\u00f3 Energ\u00e8tica i Repte Demogr\u00e0fic d\u2019Espanya, i <strong>Sara Aagesen,<\/strong>\u00a0secret\u00e0ria d\u2019Estat d\u2019Energia; i va comptar amb la participaci\u00f3 de responsables d\u2019institucions comunit\u00e0ries, membres de governs europeus, representants de municipis i regions immerses en aquest proc\u00e9s, empreses i organitzacions sindicals i socials. A m\u00e9s, es va dialogar amb altres pa\u00efsos embarcats en un cam\u00ed similar al de la UE, en termes d\u2019ambici\u00f3 clim\u00e0tica i transici\u00f3 justa.<\/p>\n<p><strong>Mar\u00eda Eugenia Coronado<\/strong>, directora general de la nostra Fundaci\u00f3, va participar en la taula rodona <strong>Transici\u00f3 Energ\u00e8tica Justa i Igualtat de G\u00e8nere<\/strong>, presentant l\u2019informe in\u00e8dit elaborat per la nostra Fundaci\u00f3 i l\u2019ITJ amb el t\u00edtol \u201c<strong>L\u2019ocupaci\u00f3 de les dones en la transici\u00f3 energ\u00e8tica justa a Espanya<\/strong>\u201d. Es tracta del primer informe que proporciona un diagn\u00f2stic ajustat i complet sobre la situaci\u00f3 de la dona al mercat laboral vinculat a la transici\u00f3 energ\u00e8tica dins de les importants transformacions econ\u00f2miques i productives vinculades a la transici\u00f3 energ\u00e8tica neta, tant directament com indirectament, utilitzant una multiplicitat de fonts estad\u00edstiques. L\u2019estudi, avalat per l\u2019an\u00e0lisi quantitativa i qualitativa sobre l\u2019ocupaci\u00f3 als sectors assenyalats desenvolupada per\u00a0Abay Analistes, ofereix articles d\u2019un grup de professionals experts independents en els \u00e0mbits d\u2019ocupaci\u00f3, igualtat de g\u00e8nere i transici\u00f3 energ\u00e8tica, coordinat per la polit\u00f2loga\u00a0Cristina Monge.<\/p>\n<p><strong>Coronado<\/strong> va defensar que \u201cestudis com aquest posen dades objectives a una situaci\u00f3 que ha de ser revertida per garantir una transici\u00f3 justa des de totes les perspectives i per a la qual la nostra fundaci\u00f3 ja disposa de programes formatius i d\u2019ocupabilitat centrats en les dones\u201d.<\/p>\n<p>Pots descarregar-te l\u2019estudi complet en el Centre de coneixement de Fundaci\u00f3, <a href=\"https:\/\/www.fundacionnaturgy.org\/ca\/publicacion\/locupacio-de-les-dones-a-la-transicio-energetica-justa-a-espanya\/\" target=\"_blank\" rel=\"noopener\">aqu\u00ed<\/a>.<\/p>\n","protected":false},"excerpt":{"rendered":"<p>La nostra Fundaci\u00f3 ha participat en un esdeveniment d\u2019alt nivell sobre Transici\u00f3 Justa,\u00a0organitzat per l\u2019Institut per a la Transici\u00f3 Justa,\u00a0Organisme Aut\u00f2nom del Ministeri per a la Transici\u00f3 Ecol\u00f2gica i el Repte Demogr\u00e0fic del Govern d\u2019Espanya. La trobada va tenir lloc a Ponferrada (Lle\u00f3), els dies 26\u00a0i 27 octubre de 2023,\u00a0com a part de l\u2019agenda de la Presid\u00e8ncia d\u2019Espanya del Consell de la Uni\u00f3 Europea.<\/p>\n","protected":false},"author":1454,"featured_media":87293,"comment_status":"closed","ping_status":"closed","sticky":false,"template":"","format":"standard","meta":{"inline_featured_image":false},"categories":[242],"tags":[],"content-type":[1222],"acf":[],"post_class":["post-87372","post","type-post","status-publish","format-standard","has-post-thumbnail","hentry","category-educacio-divulgacio","content-type-nota-premsa","wordpress-sticky"],"_links":{"self":[{"href":"https:\/\/www.fundacionnaturgy.org\/ca\/wp-json\/wp\/v2\/posts\/87372"}],"collection":[{"href":"https:\/\/www.fundacionnaturgy.org\/ca\/wp-json\/wp\/v2\/posts"}],"about":[{"href":"https:\/\/www.fundacionnaturgy.org\/ca\/wp-json\/wp\/v2\/types\/post"}],"author":[{"embeddable":true,"href":"https:\/\/www.fundacionnaturgy.org\/ca\/wp-json\/wp\/v2\/users\/1454"}],"replies":[{"embeddable":true,"href":"https:\/\/www.fundacionnaturgy.org\/ca\/wp-json\/wp\/v2\/comments?post=87372"}],"version-history":[{"count":1,"href":"https:\/\/www.fundacionnaturgy.org\/ca\/wp-json\/wp\/v2\/posts\/87372\/revisions"}],"predecessor-version":[{"id":87374,"href":"https:\/\/www.fundacionnaturgy.org\/ca\/wp-json\/wp\/v2\/posts\/87372\/revisions\/87374"}],"wp:featuredmedia":[{"embeddable":true,"href":"https:\/\/www.fundacionnaturgy.org\/ca\/wp-json\/wp\/v2\/media\/87293"}],"wp:attachment":[{"href":"https:\/\/www.fundacionnaturgy.org\/ca\/wp-json\/wp\/v2\/media?parent=87372"}],"wp:term":[{"taxonomy":"category","embeddable":true,"href":"https:\/\/www.fundacionnaturgy.org\/ca\/wp-json\/wp\/v2\/categories?post=87372"},{"taxonomy":"post_tag","embeddable":true,"href":"https:\/\/www.fundacionnaturgy.org\/ca\/wp-json\/wp\/v2\/tags?post=87372"},{"taxonomy":"content-type","embeddable":true,"href":"https:\/\/www.fundacionnaturgy.org\/ca\/wp-json\/wp\/v2\/content-type?post=87372"}],"curies":[{"name":"wp","href":"https:\/\/api.w.org\/{rel}","templated":true}]}}