{"id":87689,"date":"2023-11-22T13:52:19","date_gmt":"2023-11-22T12:52:19","guid":{"rendered":"https:\/\/www.fundacionnaturgy.org\/fundacio-naturgy-llanca-la-cinquena-edicio-del-premi-a-la-millor-iniciativa-social-en-lambit-energetic\/"},"modified":"2023-11-22T13:52:19","modified_gmt":"2023-11-22T12:52:19","slug":"fundacio-naturgy-llanca-la-cinquena-edicio-del-premi-a-la-millor-iniciativa-social-en-lambit-energetic","status":"publish","type":"post","link":"https:\/\/www.fundacionnaturgy.org\/ca\/fundacio-naturgy-llanca-la-cinquena-edicio-del-premi-a-la-millor-iniciativa-social-en-lambit-energetic\/","title":{"rendered":"Fundaci\u00f3 Naturgy llan\u00e7a la cinquena edici\u00f3 del Premi a la millor iniciativa social en l\u2019\u00e0mbit energ\u00e8tic"},"content":{"rendered":"<div style=\"margin-top: 0px; margin-bottom: 0px;\" class=\"sharethis-inline-share-buttons\" ><\/div><p>La Fundaci\u00f3 Naturgy ha obert la convocat\u00f2ria de la V edici\u00f3 del seu Premi a la millor iniciativa social en l\u2019\u00e0mbit energ\u00e8tic, amb el qual vol recon\u00e8ixer i donar visibilitat a les persones, les entitats i les institucions que destaquen per la seva contribuci\u00f3 en l\u2019\u00e0mbit social gr\u00e0cies als seus projectes vinculats a l\u2019energia.<\/p>\n<p>El per\u00edode per presentar candidatures estar\u00e0 obert fins a l&#8217;1 de mar\u00e7 de 2024.\u00a0Hi podran optar tots aquells projectes, en marxa o finalitzats, que impliquin millores socials relacionades amb l\u2019energia, en els \u00e0mbits del medi ambient, la salut, l\u2019educaci\u00f3, la vulnerabilitat, la inclusi\u00f3 social o l\u2019emprenedoria, entre d\u2019altres. Els projectes han d\u2019estar desenvolupats a Espanya.<\/p>\n<p>El primer premi est\u00e0 dotat amb 60.000 euros i l\u2019acc\u00e8ssit, amb 30.000. Les candidatures es poden presentar al web de Fundaci\u00f3 Naturgy (<a href=\"https:\/\/www.fundacionnaturgy.org\/premio-a-la-mejor-iniciativa-social-en-el-ambito-energetico\/\">Premis Fundaci\u00f3 Naturgy<\/a>).<\/p>\n<p>El jurat del premi est\u00e0 presidit per\u00a0<strong>Manuel Bret\u00f3n<\/strong>, president de C\u00e1ritas Espa\u00f1ola, qui va afirmar que &#8220;edici\u00f3 rere edici\u00f3, coneixem projectes cada vegada m\u00e9s innovadors i compromesos amb les persones vulnerables i la cura del nostre planeta. El nivell de les candidatures \u00e9s molt alt. Com a president del jurat, sento una gran alegria pel comprom\u00eds social i mediambiental del nostre pa\u00eds i per l\u2019impuls que Fundaci\u00f3 Naturgy ofereix a aquestes iniciatives interessants a trav\u00e9s d\u2019aquest premi&#8221;.<\/p>\n<p>Per a la directora general de Fundaci\u00f3 Naturgy,\u00a0<strong>Mar\u00eda Eugenia Coronado<\/strong>, &#8220;\u00e9s una satisfacci\u00f3 arribar a la cinquena edici\u00f3 d\u2019aquest premi, que es va idear en el marc del treball en xarxa que la nostra fundaci\u00f3 du a terme amb les organitzacions socials, i que ens ha perm\u00e8s descobrir la gran tasca que fan aquests agents per pal\u00b7liar la vulnerabilitat energ\u00e8tica al nostre pa\u00eds&#8221;.<\/p>\n<p>El jurat, presidit per Bret\u00f3n, est\u00e0 format per Alberto N\u00fa\u00f1ez, S. J., professor del Departament de Direcci\u00f3 General i Estrat\u00e8gia d\u2019ESADE; Llum Del\u00e0s, patrona de la Fundaci\u00f3 de l&#8217;Esperan\u00e7a; el pare \u00c1ngel Garc\u00eda Rodr\u00edguez, president de Mensajeros de la Paz; Juan Jos\u00e9 L\u00f3pez Burniol, vicepresident de la Fundaci\u00f3 Banc\u00e0ria &#8220;la Caixa&#8221;; Josep Ramoneda, director de l\u2019Escola Europea d\u2019Humanitats de Barcelona; Elena Salgado, presidenta de l\u2019Associaci\u00f3 Espanyola d\u2019Empreses de Consultoria; Mar\u00eda del Mar Pageo, presidenta de Creu Roja Espanyola; Gustavo Su\u00e1rez Pertierra, president d\u2019UNICEF Comit\u00e8 Espanyol; el vicepresident de Fundaci\u00f3 Naturgy, Jordi Garcia Tabernero, i la seva directora general, Mar\u00eda Eugenia Coronado.<\/p>\n<p><strong>M\u00e9s de 200 candidatures<\/strong><\/p>\n<p>En total, m\u00e9s de 260 candidatures, amb prop de 825.000 beneficiaris, van optar a aquest premi en les quatre primeres edicions. En les edicions anteriors, les iniciatives guanyadores van ser &#8216;Ni una llar sense energia&#8217;, de Fundaci\u00f3 Ecologia i Desenvolupament (Ecodes); &#8216;Endollats al treball&#8217;, de Fundaci\u00f3 \u00c8xit; &#8216;Contribuir a la millora social dels m\u00e9s vulnerables a Espanya, a trav\u00e9s de la formaci\u00f3 i l\u2019acc\u00e9s a l\u2019energia&#8217;, d\u2019Energia sense Fronteres, i Creu Roja Espanyola, pel seu projecte integral d\u2019atenci\u00f3 a les persones que es troben en risc d\u2019extrema pobresa i exclusi\u00f3.<\/p>\n<p>Per la seva part, en la categoria d\u2019Acc\u00e8ssit van obtenir reconeixement els programes &#8216;Educaci\u00f3 financera familiar i pobresa energ\u00e8tica&#8217;, de la Fundaci\u00f3 de fam\u00edlies monoparentals Isadora Duncan; &#8216;Generant futur&#8217;, de l\u2019Associaci\u00f3 Norte Joven; &#8216;Ajuda integral a la vulnerabilitat energ\u00e8tica&#8217;, de Fundaci\u00f3 Roure, i &#8216;Primera rellar sostenible d\u2019Espanya amb certificat Passivhaus per a persones amb discapacitat&#8217;, de C\u00cdRVITE-Plena Inclusi\u00f3n.<\/p>\n","protected":false},"excerpt":{"rendered":"<p>M\u00e9s de 260 iniciatives, amb prop de 825.000 beneficiaris, han optat a les quatre primeres edicions d\u2019aquest guard\u00f3, que t\u00e9 per objectiu recon\u00e8ixer i donar visibilitat a les persones, les entitats i les institucions que destaquen per la seva contribuci\u00f3 social amb projectes vinculats a l\u2019energia.<\/p>\n","protected":false},"author":1454,"featured_media":87573,"comment_status":"closed","ping_status":"closed","sticky":false,"template":"","format":"standard","meta":{"inline_featured_image":false},"categories":[917],"tags":[],"content-type":[1222],"acf":[],"post_class":["post-87689","post","type-post","status-publish","format-standard","has-post-thumbnail","hentry","category-accio-social-ca","content-type-nota-premsa","wordpress-sticky"],"_links":{"self":[{"href":"https:\/\/www.fundacionnaturgy.org\/ca\/wp-json\/wp\/v2\/posts\/87689"}],"collection":[{"href":"https:\/\/www.fundacionnaturgy.org\/ca\/wp-json\/wp\/v2\/posts"}],"about":[{"href":"https:\/\/www.fundacionnaturgy.org\/ca\/wp-json\/wp\/v2\/types\/post"}],"author":[{"embeddable":true,"href":"https:\/\/www.fundacionnaturgy.org\/ca\/wp-json\/wp\/v2\/users\/1454"}],"replies":[{"embeddable":true,"href":"https:\/\/www.fundacionnaturgy.org\/ca\/wp-json\/wp\/v2\/comments?post=87689"}],"version-history":[{"count":0,"href":"https:\/\/www.fundacionnaturgy.org\/ca\/wp-json\/wp\/v2\/posts\/87689\/revisions"}],"wp:featuredmedia":[{"embeddable":true,"href":"https:\/\/www.fundacionnaturgy.org\/ca\/wp-json\/wp\/v2\/media\/87573"}],"wp:attachment":[{"href":"https:\/\/www.fundacionnaturgy.org\/ca\/wp-json\/wp\/v2\/media?parent=87689"}],"wp:term":[{"taxonomy":"category","embeddable":true,"href":"https:\/\/www.fundacionnaturgy.org\/ca\/wp-json\/wp\/v2\/categories?post=87689"},{"taxonomy":"post_tag","embeddable":true,"href":"https:\/\/www.fundacionnaturgy.org\/ca\/wp-json\/wp\/v2\/tags?post=87689"},{"taxonomy":"content-type","embeddable":true,"href":"https:\/\/www.fundacionnaturgy.org\/ca\/wp-json\/wp\/v2\/content-type?post=87689"}],"curies":[{"name":"wp","href":"https:\/\/api.w.org\/{rel}","templated":true}]}}