{"id":87739,"date":"2023-11-28T13:36:57","date_gmt":"2023-11-28T12:36:57","guid":{"rendered":"https:\/\/www.fundacionnaturgy.org\/fundacio-naturgy-collabora-amb-el-ministeri-deducacio-formacio-professional-i-esports-en-lelaboracio-del-modul-de-sostenibilitat-que-simpartira-en-tots-els-cicles-formatius\/"},"modified":"2023-11-28T13:36:57","modified_gmt":"2023-11-28T12:36:57","slug":"fundacio-naturgy-collabora-amb-el-ministeri-deducacio-formacio-professional-i-esports-en-lelaboracio-del-modul-de-sostenibilitat-que-simpartira-en-tots-els-cicles-formatius","status":"publish","type":"post","link":"https:\/\/www.fundacionnaturgy.org\/ca\/fundacio-naturgy-collabora-amb-el-ministeri-deducacio-formacio-professional-i-esports-en-lelaboracio-del-modul-de-sostenibilitat-que-simpartira-en-tots-els-cicles-formatius\/","title":{"rendered":"Fundaci\u00f3 Naturgy col\u00b7labora amb el Ministeri d\u2019Educaci\u00f3, Formaci\u00f3 Professional i Esports en l\u2019elaboraci\u00f3 del m\u00f2dul de sostenibilitat que s\u2019impartir\u00e0 en tots els cicles formatius d\u2019FP a partir de l&#8217;any vinent"},"content":{"rendered":"<div style=\"margin-top: 0px; margin-bottom: 0px;\" class=\"sharethis-inline-share-buttons\" ><\/div><p>Fundaci\u00f3 Naturgy ha presentat avui, juntament amb el Ministeri d\u2019Educaci\u00f3, Formaci\u00f3 Professional i Esports, els continguts del m\u00f2dul de \u201cSostenibilitat aplicada al sistema productiu\u201d, que s\u2019impartiran en tots els cicles formatius d\u2019FP a partir del curs 2024-2025. La fundaci\u00f3 de la companyia energ\u00e8tica, membre de l\u2019Alian\u00e7a per la Formaci\u00f3 Professional del MEFPD, va ser la instituci\u00f3 designada per crear aquests materials nous i per formar docents de tot Espanya que l\u2019hauran d\u2019impartir a partir de l\u2019any que ve.<\/p>\n<p>Aquest m\u00f2dul nou \u00e9s un requisit de la Llei org\u00e0nica d\u2019ordenaci\u00f3 i integraci\u00f3 de la formaci\u00f3 professional, i presenta els reptes mediambientals, socials i de governan\u00e7a a qu\u00e8 s\u2019enfronta la nostra societat, alhora que ofereix les claus per dissenyar un pla de sostenibilitat i garantir un acompliment professional correcte.<\/p>\n<p>La secret\u00e0ria general de Formaci\u00f3 Professional del Ministeri d\u2019Educaci\u00f3, Formaci\u00f3 Professional i Esports, <strong>Clara Sanz<\/strong>, va afirmar que \u201cla nova FP et prepara per a l\u2019economia del segle XXI, per a una economia moderna, sostenible i verda. En aquest gran comprom\u00eds del Govern d\u2019Espanya amb l\u2019FP, en aquest gran projecte de pa\u00eds, la col\u00b7laboraci\u00f3 publicoprivada, com la que desenvolupem amb Fundaci\u00f3 Naturgy, ha estat imprescindible. Entre tots i totes hem fet possible un objectiu compartit, un sistema de formaci\u00f3 nou en conson\u00e0ncia amb les necessitats dels joves, dels treballadors i treballadores, i tamb\u00e9 de les empreses del nostre pa\u00eds. Per tot aix\u00f2, avui som un referent en formaci\u00f3 professional en l\u2019\u00e0mbit europeu, i crec que ens hem de felicitar per la bona tasca que hem fet\u201d.<\/p>\n<p>Per la seva part,<strong> Mar\u00eda Eugenia Coronado<\/strong>, directora general de Fundaci\u00f3 Naturgy, va afirmar que &#8220;la fundaci\u00f3 est\u00e0 molt satisfeta d&#8217;haver col\u00b7laborat amb el Ministeri en la conceptualitzaci\u00f3 i el desenvolupament dels continguts t\u00e8cnics especialitzats entorn de la sostenibilitat, que milloraran l\u2019ocupabilitat de tots els sectors i contribuiran a una transici\u00f3 energ\u00e8tica m\u00e9s justa per a tothom&#8221;. \u201cValorem molt positivament la decisi\u00f3 del Govern d&#8217;incorporar la sostenibilitat de manera transversal en tots els cicles formatius, ja que aix\u00ed s\u2019integren les compet\u00e8ncies associades als nous professionals de tots els sectors productius\u201d, va afegir Coronado.<\/p>\n<p><strong>Nuria Rodr\u00edguez<\/strong>, directora de Medi Ambient i RSC de Naturgy, que ha col\u00b7laborat activament en l\u2019elaboraci\u00f3 dels materials, va explicar que \u201cl\u2019opci\u00f3 de Naturgy per la sostenibilitat com a eix estrat\u00e8gic mostra el comprom\u00eds de la companyia amb les persones i amb el planeta, i ens ha perm\u00e8s plasmar en aquests continguts com han d\u2019afrontar els futurs professionals un repte que afecta tots els sectors productius\u201d.<\/p>\n<p>Els materials pedag\u00f2gics elaborats formaran part de la col\u00b7lecci\u00f3 &#8220;<em>Vocational Education and Training in Energy<\/em>, Formaci\u00f3 Professional per a l\u2019Ocupabilitat&#8221;, editat per Fundaci\u00f3 Naturgy, i la seva adaptaci\u00f3 a un curs en format d&#8217;<em>aprenentatge digital<\/em>, juntament amb la Universitat Oberta de Catalunya (UOC). Aquests recursos estaran a disposici\u00f3 de tots els docents i de l&#8217;alumnat de formaci\u00f3 professional per facilitar l\u2019aplicaci\u00f3 dels continguts a l\u2019aula.<\/p>\n<p><strong>Formaci\u00f3 dels docents<\/strong><\/p>\n<p>La formaci\u00f3 de formadors, que tamb\u00e9 ha comen\u00e7at avui, la impartiran professionals del sector i estar\u00e0 certificada per Fundaci\u00f3 Naturgy i les administracions educatives de les comunitats aut\u00f2nomes amb les quals la Fundaci\u00f3 t\u00e9 conveni. Aquest curs de 30 hores, que faran docents de formaci\u00f3 professional a Espanya, aporta els recursos necessaris per assolir l\u2019aprenentatge esperat: desenvolupar coneixement i compet\u00e8ncies b\u00e0siques en economia verda, sostenibilitat i impacte ambiental dels processos productius del sector corresponent.<\/p>\n<p>Aquesta nova iniciativa formativa de Fundaci\u00f3 Naturgy s\u2019ha dut a terme gr\u00e0cies a l\u2019alian\u00e7a que mant\u00e9 amb el Ministeri d\u2019Educaci\u00f3, Formaci\u00f3 Professional i Esports i forma part de l\u2019Alian\u00e7a per a l\u2019FP.<\/p>\n<p>La Fundaci\u00f3 Naturgy ha fet una aposta decisiva per promoure la capacitaci\u00f3 de joves, aturats i professionals que requereixen un reciclatge derivat de la transformaci\u00f3 tecnol\u00f2gica del sector energ\u00e8tic. El programa de Formaci\u00f3 Professional per a l\u2019Ocupabilitat millora la preparaci\u00f3 dels futurs professionals del sector i en facilita l\u2019acc\u00e9s al mercat laboral.<\/p>\n<p>A escala nacional, des de la posada en marxa del seu programa de Formaci\u00f3 Professional per a l\u2019Ocupabilitat, m\u00e9s de 65.500 alumnes ja s\u2019han beneficiat de la formaci\u00f3 rebuda a les vuit comunitats aut\u00f2nomes amb les quals Fundaci\u00f3 Naturgy t\u00e9 establerts acords de col\u00b7laboraci\u00f3 (Madrid, Gal\u00edcia, Catalunya, Ast\u00faries, la Comunitat Valenciana, Castella i Lle\u00f3, Castella-la Manxa i Extremadura).<\/p>\n<p>La fundaci\u00f3 ofereix vuit m\u00f2duls formatius que capaciten i certifiquen els alumnes amb coneixements t\u00e8cnics actualitzats en \u00e0rees com ara la mobilitat sostenible, la rehabilitaci\u00f3 i l\u2019edificaci\u00f3 sostenible, els gasos renovables, la digitalitzaci\u00f3 de xarxes el\u00e8ctriques, l\u2019assessorament energ\u00e8tic en entorns vulnerables, la instal\u00b7laci\u00f3 i el manteniment de plaques fotovoltaiques, i les xarxes de gas verdes i digitals i la sostenibilitat aplicada al sistema productiu.<\/p>\n<p>La proposta formativa de la Fundaci\u00f3 Naturgy s\u2019alinea amb l\u2019Estrat\u00e8gia de transici\u00f3 justa, i t\u00e9 el reconeixement i la col\u00b7laboraci\u00f3 del Ministeri d\u2019Educaci\u00f3, Formaci\u00f3 Professional i Esports, les administracions competents en educaci\u00f3 i ocupaci\u00f3 de nou comunitats aut\u00f2nomes, el Servei P\u00fablic d\u2019Ocupaci\u00f3 Estatal (SEPE), la Fundaci\u00f3 Estatal per a la Formaci\u00f3 en l\u2019Ocupaci\u00f3 (FUNDAE) i l\u2019Institut Nacional de Qualificacions (INCUAL).<\/p>\n","protected":false},"excerpt":{"rendered":"<p>La fundaci\u00f3 de la companyia energ\u00e8tica ha creat els resultats d\u2019aprenentatge del m\u00f2dul i ha desenvolupat els continguts i els materials did\u00e0ctics, en el marc del seu programa de Formaci\u00f3 Professional per a l\u2019Ocupabilitat.<\/p>\n","protected":false},"author":1454,"featured_media":87714,"comment_status":"closed","ping_status":"closed","sticky":false,"template":"","format":"standard","meta":{"inline_featured_image":false},"categories":[242],"tags":[],"content-type":[1222],"acf":[],"post_class":["post-87739","post","type-post","status-publish","format-standard","has-post-thumbnail","hentry","category-educacio-divulgacio","content-type-nota-premsa","wordpress-sticky"],"_links":{"self":[{"href":"https:\/\/www.fundacionnaturgy.org\/ca\/wp-json\/wp\/v2\/posts\/87739"}],"collection":[{"href":"https:\/\/www.fundacionnaturgy.org\/ca\/wp-json\/wp\/v2\/posts"}],"about":[{"href":"https:\/\/www.fundacionnaturgy.org\/ca\/wp-json\/wp\/v2\/types\/post"}],"author":[{"embeddable":true,"href":"https:\/\/www.fundacionnaturgy.org\/ca\/wp-json\/wp\/v2\/users\/1454"}],"replies":[{"embeddable":true,"href":"https:\/\/www.fundacionnaturgy.org\/ca\/wp-json\/wp\/v2\/comments?post=87739"}],"version-history":[{"count":0,"href":"https:\/\/www.fundacionnaturgy.org\/ca\/wp-json\/wp\/v2\/posts\/87739\/revisions"}],"wp:featuredmedia":[{"embeddable":true,"href":"https:\/\/www.fundacionnaturgy.org\/ca\/wp-json\/wp\/v2\/media\/87714"}],"wp:attachment":[{"href":"https:\/\/www.fundacionnaturgy.org\/ca\/wp-json\/wp\/v2\/media?parent=87739"}],"wp:term":[{"taxonomy":"category","embeddable":true,"href":"https:\/\/www.fundacionnaturgy.org\/ca\/wp-json\/wp\/v2\/categories?post=87739"},{"taxonomy":"post_tag","embeddable":true,"href":"https:\/\/www.fundacionnaturgy.org\/ca\/wp-json\/wp\/v2\/tags?post=87739"},{"taxonomy":"content-type","embeddable":true,"href":"https:\/\/www.fundacionnaturgy.org\/ca\/wp-json\/wp\/v2\/content-type?post=87739"}],"curies":[{"name":"wp","href":"https:\/\/api.w.org\/{rel}","templated":true}]}}