{"id":88295,"date":"2023-12-13T15:34:11","date_gmt":"2023-12-13T14:34:11","guid":{"rendered":"https:\/\/www.fundacionnaturgy.org\/la-retribucio-dels-cicles-combinats-ha-de-tenir-en-compte-les-noves-inversions-necessaries-per-continuar-sent-un-suport-efectiu-a-les-renovables\/"},"modified":"2024-01-10T12:55:34","modified_gmt":"2024-01-10T11:55:34","slug":"la-retribucio-dels-cicles-combinats-ha-de-tenir-en-compte-les-noves-inversions-necessaries-per-continuar-sent-un-suport-efectiu-a-les-renovables","status":"publish","type":"post","link":"https:\/\/www.fundacionnaturgy.org\/ca\/la-retribucio-dels-cicles-combinats-ha-de-tenir-en-compte-les-noves-inversions-necessaries-per-continuar-sent-un-suport-efectiu-a-les-renovables\/","title":{"rendered":"La retribuci\u00f3 dels cicles combinats ha de tenir en compte les noves inversions necess\u00e0ries per continuar sent un suport efectiu a les renovables"},"content":{"rendered":"<div style=\"margin-top: 0px; margin-bottom: 0px;\" class=\"sharethis-inline-share-buttons\" ><\/div><p>El pes dels cicles combinats en el mix de generaci\u00f3 el\u00e8ctrica espanyol ha crescut i ho continuar\u00e0 fent de cara al 2030, per la seva capacitat d\u2019aportar suport i flexibilitat a un sistema en el qual les energies renovables tindran cada vegada m\u00e9s protagonisme. Per aix\u00f2, el mercat de capacitat previst a Espanya, a m\u00e9s de retribuir els costos fixos de manteniment d\u2019aquestes instal\u00b7lacions, hauria d\u2019incloure les inversions essencials per adequar-les a un entorn operatiu m\u00e9s exigent. Aquestes s\u00f3n algunes de les conclusions de l\u2019informe de PwC Pasado, presente y futuro de las centrales t\u00e9rmicas de ciclo combinado, publicat per la Fundaci\u00f3 Naturgy i presentat avui en el marc d\u2019una jornada amb experts.<\/p>\n<p>\u201cL\u2019an\u00e0lisi hist\u00f2rica d\u2019aquesta tecnologia constata que els cicles combinats es van dissenyar per ser una tecnologia principal en la generaci\u00f3 d\u2019electricitat, mitjan\u00e7ant l&#8217;aportaci\u00f3 d&#8217;una capacitat ferma i la generaci\u00f3 d&#8217;una part significativa de l\u2019energia; tanmateix, tant ara com en el futur, el seu paper se centrar\u00e0 m\u00e9s a proporcionar suport i flexibilitat\u201d, explica Roxana Fern\u00e1ndez, m\u00e0nager de l\u2019\u00e0rea de consultoria en energia de PwC i un dels autors de l\u2019informe.<\/p>\n<p>L&#8217;entrada progressiva en el sistema el\u00e8ctric espanyol de les energies renovables ha provocat un \u00fas m\u00e9s extrem d\u2019aquesta tecnologia, amb parades, engegades i canvis de c\u00e0rrega continus, \u201ccosa que reflecteix un funcionament molt variable i allunyat del funcionament en c\u00e0rrega base previst quan es va posar en marxa\u201d.<\/p>\n<p>L\u2019esborrany d\u2019actualitzaci\u00f3 del PNIEC 2023-2030 incrementa l\u2019objectiu de nova pot\u00e8ncia renovable a 139,8 GW, per\u00f2 mant\u00e9 la necessitat de pot\u00e8ncia instal\u00b7lada de cicles combinats en 24,5 GW. Prenent en consideraci\u00f3 aquests objectius, els autors han fet una estimaci\u00f3 de la corba de generaci\u00f3 dels cicles combinats el 2030, en funci\u00f3 del funcionament i mix de tecnologies de producci\u00f3 el\u00e8ctrica des de 2021.<\/p>\n<p>La conclusi\u00f3 \u00e9s que \u201cel 2030, Espanya podria disposar d&#8217;un parc de cicles que pr\u00e0cticament arrencaria cada dia de l\u2019any per acompanyar l\u2019entrada i la sortida de tecnologia fotovoltaica, com ja passa amb alguns cicles actualment; aix\u00f2 obligaria a portar al l\u00edmit les caracter\u00edstiques t\u00e8cniques de funcionament per a les quals van ser dissenyats\u201d, segons l\u2019informe de PwC.<br \/>\nEls autors de l\u2019informe assenyalen que, per a l\u2019any 2030, els requisits de suport i flexibilitat dels cicles augmentaran, malgrat que contribuiran menys en termes d\u2019energia. A m\u00e9s de la recompensa per la contribuci\u00f3 en termes d\u2019energia, \u201cles projeccions destaquen la necessitat de recon\u00e8ixer i retribuir adequadament el suport i la flexibilitat que aquestes plantes proporcionen al sistema de generaci\u00f3 el\u00e8ctrica\u201d.<\/p>\n<p>\u201cA mesura que la demanda i la generaci\u00f3 d\u2019energia es tornin m\u00e9s intermitents arran de l\u2019expansi\u00f3 de les fonts renovables, els cicles combinats es convertiran en essencials per mantenir l\u2019estabilitat en el sistema el\u00e8ctric\u201d, va explicar Fern\u00e1ndez, que va recordar com la generaci\u00f3 amb aquesta tecnologia a Espanya va experimentar un augment significatiu el 2022 respecte al 2021 perqu\u00e8 la generaci\u00f3 hidr\u00e0ulica va disminuir a causa de la sequera i per l\u2019augment de les exportacions a Fran\u00e7a i el Marroc, i la reducci\u00f3 de la cogeneraci\u00f3.<\/p>\n<p><strong>M\u00e9s indisponibilitat i menys hores de funcionament<br \/>\n<\/strong><br \/>\nSegons les dades hist\u00f2riques que recull l\u2019informe, des de l\u2019any 2002 hi ha hagut una reducci\u00f3 del 13% en la disponibilitat dels cicles combinats, accentuada en els tres \u00faltims anys. \u201cAquest augment d\u2019indisponibilitats no planificades es relaciona amb tasques de manteniment imprevistes i la reducci\u00f3 dels pagaments per \u2018incentiu a inversi\u00f3 a llarg termini\u2019 o per \u2018servei de disponibilitat de pot\u00e8ncia a mitj\u00e0 termini\u2019, la qual cosa afecta negativament l\u2019economia dels cicles combinats\u201d, segons el document.<br \/>\nAix\u00ed mateix, s\u2019ha produ\u00eft tamb\u00e9 una reducci\u00f3 del 45% en les hores de funcionament en les dues \u00faltimes d\u00e8cades. Segons l\u2019informe de PwC, \u201caquest fenomen ha disminu\u00eft la seva participaci\u00f3 en el mercat diari, cosa que ha redu\u00eft el conegut \u2018buit t\u00e8rmic\u2019 i ha afectat els preus de mercat i els ingressos d\u2019aquestes centrals\u201d.<\/p>\n<p>Tanmateix, en aquest temps el pes dels cicles combinats en el mix de generaci\u00f3 el\u00e8ctrica ha augmentat considerablement en termes de necessitat d\u2019aportaci\u00f3 de suport i flexibilitat al sistema, incrementant aix\u00ed l\u2019exig\u00e8ncia i la posada al l\u00edmit d\u2019aquesta tecnologia.<\/p>\n<p><strong>Necessitat de disposar de mercats de capacitat<br \/>\n<\/strong><br \/>\nEn el col\u00b7loqui d\u2019experts, moderat per Oscar Barrero, soci l\u00edder d\u2019energia de PwC, hi han participat Jos\u00e9 Luis Gil, director de Regulaci\u00f3 a Naturgy; Luis Carlos Postigo, responsable de Gas&amp;Services South West Europe a Siemens Energy, i Luis Marquina, president de l\u2019Associaci\u00f3 Espanyola de Bateries i Emmagatzematge Energ\u00e8tic (AEPIBAL).<\/p>\n<p>El directiu de Naturgy va afirmar que \u201cel r\u00e8gim actual de funcionament requereix manteniments constants i \u00e9s dif\u00edcil aconseguir aprovar aquestes inversions amb marges redu\u00efts\u201d, de manera que va valorar molt positivament que el Govern hagi tret ja a informaci\u00f3 p\u00fablica el mecanisme de mercats de capacitat. Amb aquesta mesura, \u201ctenim bones perspectives per reinvertir en la millora dels cicles combinats\u201d, va dir Gil, que va afegir que \u201cels mercats de capacitat s\u00f3n cr\u00edtics; si volem tenir el suport dels cicles combinats arran del desplegament de les renovables i l\u2019exig\u00e8ncia \u00e9s estar disponible, aix\u00f2 s\u2019ha de retribuir\u201d.<\/p>\n<p>Per la seva part, Postigo va insistir que \u201cels cicles combinats no estaven ideats per funcionar com ho estan fent actualment i com est\u00e0 previst que ho facin els anys vinents\u201d, per la qual cosa aquesta situaci\u00f3 requerir\u00e0 m\u00e9s manteniment. \u201cEn altres pa\u00efsos ja s\u2019est\u00e0 reinvertint en els cicles combinats per adaptar-los a l\u2019alta exig\u00e8ncia de flexibilitat i millora d\u2019efici\u00e8ncia\u201d, va indicar el directiu de Siemens Energy, que va alertar sobre \u201cel coll d\u2019ampolla d\u2019aquest mercat a escala mundial. Per tant, ser\u00e0 necessari millorar les previsions de manteniment de les instal\u00b7lacions\u201d, a fi de reduir tamb\u00e9 el temps d\u2019indisponibilitat d\u2019aquestes plantes de generaci\u00f3.<\/p>\n<p>El president d\u2019AEPIBAL va defensar la complementarietat de les bateries i els cicles combinats per atendre les necessitats del sistema, i va manifestar que \u201cen el desplegament de les renovables, l\u2019emmagatzematge \u00e9s imprescindible per assegurar unes corbes de preu raonables\u201d.<\/p>\n","protected":false},"excerpt":{"rendered":"<p>Un informe de PwC afirma que, perqu\u00e8 aquesta tecnologia cobreixi la intermit\u00e8ncia de les renovables, cal adaptar les instal\u00b7lacions per al funcionament correcte del sistema el\u00e8ctric en un context de transici\u00f3 energ\u00e8tica.<\/p>\n","protected":false},"author":1454,"featured_media":88291,"comment_status":"closed","ping_status":"closed","sticky":false,"template":"","format":"standard","meta":{"inline_featured_image":false},"categories":[240],"tags":[],"content-type":[1222],"acf":[],"post_class":["post-88295","post","type-post","status-publish","format-standard","has-post-thumbnail","hentry","category-energia-i-medi-ambient","content-type-nota-premsa","wordpress-sticky"],"_links":{"self":[{"href":"https:\/\/www.fundacionnaturgy.org\/ca\/wp-json\/wp\/v2\/posts\/88295"}],"collection":[{"href":"https:\/\/www.fundacionnaturgy.org\/ca\/wp-json\/wp\/v2\/posts"}],"about":[{"href":"https:\/\/www.fundacionnaturgy.org\/ca\/wp-json\/wp\/v2\/types\/post"}],"author":[{"embeddable":true,"href":"https:\/\/www.fundacionnaturgy.org\/ca\/wp-json\/wp\/v2\/users\/1454"}],"replies":[{"embeddable":true,"href":"https:\/\/www.fundacionnaturgy.org\/ca\/wp-json\/wp\/v2\/comments?post=88295"}],"version-history":[{"count":1,"href":"https:\/\/www.fundacionnaturgy.org\/ca\/wp-json\/wp\/v2\/posts\/88295\/revisions"}],"predecessor-version":[{"id":88299,"href":"https:\/\/www.fundacionnaturgy.org\/ca\/wp-json\/wp\/v2\/posts\/88295\/revisions\/88299"}],"wp:featuredmedia":[{"embeddable":true,"href":"https:\/\/www.fundacionnaturgy.org\/ca\/wp-json\/wp\/v2\/media\/88291"}],"wp:attachment":[{"href":"https:\/\/www.fundacionnaturgy.org\/ca\/wp-json\/wp\/v2\/media?parent=88295"}],"wp:term":[{"taxonomy":"category","embeddable":true,"href":"https:\/\/www.fundacionnaturgy.org\/ca\/wp-json\/wp\/v2\/categories?post=88295"},{"taxonomy":"post_tag","embeddable":true,"href":"https:\/\/www.fundacionnaturgy.org\/ca\/wp-json\/wp\/v2\/tags?post=88295"},{"taxonomy":"content-type","embeddable":true,"href":"https:\/\/www.fundacionnaturgy.org\/ca\/wp-json\/wp\/v2\/content-type?post=88295"}],"curies":[{"name":"wp","href":"https:\/\/api.w.org\/{rel}","templated":true}]}}