{"id":89213,"date":"2024-05-06T11:22:10","date_gmt":"2024-05-06T09:22:10","guid":{"rendered":"https:\/\/www.fundacionnaturgy.org\/?p=89213"},"modified":"2024-05-06T15:25:16","modified_gmt":"2024-05-06T13:25:16","slug":"fundacio-naturgy-i-el-col%c2%b7legi-darquitectes-de-catalunya-coac-consoliden-la-seva-col%c2%b7laboracio-per-impulsar-accions-formatives-en-lambit-de-la-rehabilitacio-sostenible-i","status":"publish","type":"post","link":"https:\/\/www.fundacionnaturgy.org\/ca\/fundacio-naturgy-i-el-col%c2%b7legi-darquitectes-de-catalunya-coac-consoliden-la-seva-col%c2%b7laboracio-per-impulsar-accions-formatives-en-lambit-de-la-rehabilitacio-sostenible-i\/","title":{"rendered":"Fundaci\u00f3 Naturgy i el Col\u00b7legi d\u2019Arquitectes de Catalunya (COAC) consoliden la seva col\u00b7laboraci\u00f3 per impulsar accions formatives en l\u2019\u00e0mbit de la rehabilitaci\u00f3 sostenible i eficient d\u2019habitatges"},"content":{"rendered":"<div style=\"margin-top: 0px; margin-bottom: 0px;\" class=\"sharethis-inline-share-buttons\" ><\/div><p>[vc_row][vc_column][vc_column_text]La directora general de Fundaci\u00f3 Naturgy, <strong>Mar\u00eda Eugenia Coronado<\/strong>, i la directora general del Col\u00b7legi d\u2019Arquitectes de Catalunya, <strong>Sonia Oliveras<\/strong>, han inaugurat la formaci\u00f3 professionalitzadora presencial sobre \u201cRehabilitaci\u00f3 eficient d\u2019habitatges\u201d i que es desenvolupar\u00e0 fins el 26 de juny a l\u2019Escola Sert del Col\u00b7legi d\u2019Arquitectes de Catalunya a Barcelona.<\/p>\n<p>El curs constar\u00e0 de 175 hores de formaci\u00f3 te\u00f2rica i pr\u00e0ctica, i est\u00e0 dirigit preferentment a persones en situaci\u00f3 d\u2019atur, \u00a0amb especial focus a dones que vulguin adquirir compet\u00e8ncies professionals en un sector amb tantes oportunitats d\u2019ocupaci\u00f3 com \u00e9s la rehabilitaci\u00f3 d\u2019habitatges. Tamb\u00e9 comptar\u00e0 amb la col\u00b7laboraci\u00f3 de la Plataforma per l\u2019Ocupaci\u00f3 i l\u2019Emprenedoria Verda, que formar\u00e0 als participants en compet\u00e8ncies transversals i afavorir\u00e0, juntament amb la Fundaci\u00f3 Naturgy, la inserci\u00f3 laboral emmarcada en n\u00ednxols de mercat en expansi\u00f3, i amb unes perspectives de creixement, sostenibilitat en l\u2019ocupaci\u00f3 i futur per un desenvolupament professional de qualitat: el de les energies renovables, la rehabilitaci\u00f3 d\u2019espais p\u00fablics i l\u2019estalvi energ\u00e8tic.<\/p>\n<p>A la inauguraci\u00f3 del curs, <strong>Mar\u00eda Eugenia Coronado<\/strong>, directora general de Fundaci\u00f3 Naturgy, ha destacat la import\u00e0ncia de consolidar aliances amb entitats rellevants del sector de l\u2019edificaci\u00f3 i rehabilitaci\u00f3 d\u2019habitatges com a estrat\u00e8gia per garantir la transfer\u00e8ncia de coneixements t\u00e8cnics actualitzats en l\u2019\u00e0mbit de l\u2019efici\u00e8ncia, la sostenibilitat i l\u2019energia. \u201cGr\u00e0cies a l\u2019impuls de formacions professionalitzadores com les que llancem avui de la m\u00e0 del Col\u00b7legi d\u2019Arquitectes de Catalunya, garantim cobrir l\u2019alta ocupaci\u00f3 prevista per fer possible la rehabilitaci\u00f3 eficient del parc d\u2019habitatges existent, en el context de la transici\u00f3 energ\u00e8tica\u201d.<\/p>\n<p>Por la seva part, <strong>Sonia Oliveras<\/strong>, directora general del COAC, considera que \u201cel vincle institucional amb la Fundaci\u00f3 Naturgy proporcionar\u00e0 formaci\u00f3 de qualitat al col\u00b7lectiu dels arquitectes vinculada a la rehabilitaci\u00f3 energ\u00e8tica i a la sostenibilitat, b\u00e0siques per a la renovaci\u00f3 del parc urb\u00e0 edificat que ha d\u2019assolir la neutralitat en carboni l\u2019any 2050. La recent aprovaci\u00f3 de la nova Directiva d\u2019Efici\u00e8ncia Energ\u00e8tica dels Edificis (EPBD) posa en marxa el rellotge que obliga a l\u2019arquitectura i a l\u2019edificaci\u00f3 a canviar de paradigma, segons el dictamen de la Comissi\u00f3 Europea\u201d.<\/p>\n<p>Aquest acci\u00f3 forma part de l\u2019acord entre la Fundaci\u00f3 Naturgy i el Col\u00b7legi d\u2019Arquitectes de Catalunya, l\u2019objectiu del qual \u00e9s mantenir i ampliar la col\u00b7laboraci\u00f3 en el camp de la formaci\u00f3 capacitadora, impulsant formacions relacionades amb la rehabilitaci\u00f3 i l\u2019edificaci\u00f3, adre\u00e7ada a professorat i alumnat de Formaci\u00f3 Professional, aix\u00ed com a professionals del sector que necessiten actualitzar els seus coneixements, i a col\u00b7lectius en situaci\u00f3 de vulnerabilitat i que es poden incorporar al mercat laboral en els llocs de treball verds que demana la transici\u00f3 ecol\u00f2gica.<\/p>\n<p>Al llarg d\u2019aquests anys de col\u00b7laboraci\u00f3, s\u2019han dut a terme quatre formacions adre\u00e7ades a docents de formaci\u00f3 professional, especialment de la fam\u00edlia d\u2019Edificaci\u00f3 i Obra Civil. Tamb\u00e9 s\u2019han impulsat dos cursos adre\u00e7ats especialment a persones en situaci\u00f3 de d\u2019atur i afectats per la transici\u00f3 energ\u00e8tica, en col\u00b7laboraci\u00f3 amb l\u2019Institut per a la Transici\u00f3 Justa. En conjunt els beneficiaris ha estat de 6.206 persones, entre alumnat i professorat de FP, professionals del sector i col\u00b7lectius vulnerables d\u2019Andalusia, Castella i Lle\u00f3, Castella-la Manxa, Catalunya, Comunitat de Madrid, Comunitat Valenciana, Ast\u00faries i Gal\u00edcia.<\/p>\n<p><strong>Formacions professionalitzadores per a col\u00b7lectius en situaci\u00f3 de vulnerabilitat<\/strong><\/p>\n<p>El curs que s\u2019inaugura avui \u00e9s un dels sis previstos per la Fundaci\u00f3 Naturgy per aquest any, que permetran la formaci\u00f3 de 160 persones de col\u00b7lectius en situaci\u00f3 de vulnerabilitat, enfocats especialment en dones que vulguin adquirir compet\u00e8ncies en diferents \u00e0mbits dels nous \u201cllocs de treball verds\u201d lligats a la transici\u00f3 energ\u00e8tica.<\/p>\n<p>La instal\u00b7laci\u00f3 i manteniment de plaques fotovoltaiques i parcs e\u00f2lics i rehabilitaci\u00f3 eficient d\u2019habitatges s\u00f3n les tem\u00e0tiques d\u2019aquests cursos que, amb una durada d\u2019entre 145 i 210 hores, se celebraran a Madrid, Gal\u00edcia i Catalunya al llarg dels propers mesos.<\/p>\n<p>A m\u00e9s, les formacions compten en la seva organitzaci\u00f3 amb la col\u00b7laboraci\u00f3 de la Plataforma per l\u2019Ocupaci\u00f3 Verda (PEV), la Universitat Polit\u00e8cnica de Madrid (UPM) i el Col\u00b7legi d\u2019Arquitectes de Catalunya (COAC).<\/p>\n<p><strong>Capacitaci\u00f3 per a la incorporaci\u00f3 immediata al mercat laboral<\/strong><\/p>\n<p>A principis d\u2019aquest mes, la Fundaci\u00f3 Naturgy, l\u2019Institut per a la Transici\u00f3 Justa (ITJ) i la Universitat Polit\u00e8cnica de Madrid (UPM) van inaugurar la segona edici\u00f3 de la formaci\u00f3 en instal\u00b7lacions fotovoltaiques per a dones aturades, donat l\u2019\u00e8xit de la primer edici\u00f3 celebrada l\u2019any passat, i que \u00e9s una de les sis formacions previstes per la Fundaci\u00f3 com a part del seu Programa.<\/p>\n<p>Aquesta formaci\u00f3 teoricopr\u00e0ctica est\u00e0 reconeguda mitjan\u00e7ant un certificat d\u2019aprofitament i capacita a les alumnes participants per tal que es puguin incorporar al mercat laboral de manera immediata.<\/p>\n<p>L\u2019objectiu d\u2019aquesta iniciativa, donat que est\u00e0 enfocada exclusivament a les dones, \u00e9s fomentar la igualtat en l\u2019acc\u00e9s a les noves ocupacions vinculades al desplegament de les energies renovables, la conservaci\u00f3 de medi ambient i la sostenibilitat, sectors que ofereixen noves oportunitats derivades de la transici\u00f3 energ\u00e8tica.[\/vc_column_text][\/vc_column][\/vc_row]<\/p>\n","protected":false},"excerpt":{"rendered":"<p>La Fundaci\u00f3 de la companyia energ\u00e8tica i el COAC van signar una nova addenda al conveni subscrit l\u2019any 2020 per promoure les formacions capacitadores a col\u00b7lectius en situaci\u00f3 d\u2019atur.<\/p>\n","protected":false},"author":1454,"featured_media":89217,"comment_status":"closed","ping_status":"closed","sticky":false,"template":"","format":"standard","meta":{"inline_featured_image":false},"categories":[242],"tags":[],"content-type":[1222],"acf":[],"post_class":["post-89213","post","type-post","status-publish","format-standard","has-post-thumbnail","hentry","category-educacio-divulgacio","content-type-nota-premsa","wordpress-sticky"],"_links":{"self":[{"href":"https:\/\/www.fundacionnaturgy.org\/ca\/wp-json\/wp\/v2\/posts\/89213"}],"collection":[{"href":"https:\/\/www.fundacionnaturgy.org\/ca\/wp-json\/wp\/v2\/posts"}],"about":[{"href":"https:\/\/www.fundacionnaturgy.org\/ca\/wp-json\/wp\/v2\/types\/post"}],"author":[{"embeddable":true,"href":"https:\/\/www.fundacionnaturgy.org\/ca\/wp-json\/wp\/v2\/users\/1454"}],"replies":[{"embeddable":true,"href":"https:\/\/www.fundacionnaturgy.org\/ca\/wp-json\/wp\/v2\/comments?post=89213"}],"version-history":[{"count":3,"href":"https:\/\/www.fundacionnaturgy.org\/ca\/wp-json\/wp\/v2\/posts\/89213\/revisions"}],"predecessor-version":[{"id":89242,"href":"https:\/\/www.fundacionnaturgy.org\/ca\/wp-json\/wp\/v2\/posts\/89213\/revisions\/89242"}],"wp:featuredmedia":[{"embeddable":true,"href":"https:\/\/www.fundacionnaturgy.org\/ca\/wp-json\/wp\/v2\/media\/89217"}],"wp:attachment":[{"href":"https:\/\/www.fundacionnaturgy.org\/ca\/wp-json\/wp\/v2\/media?parent=89213"}],"wp:term":[{"taxonomy":"category","embeddable":true,"href":"https:\/\/www.fundacionnaturgy.org\/ca\/wp-json\/wp\/v2\/categories?post=89213"},{"taxonomy":"post_tag","embeddable":true,"href":"https:\/\/www.fundacionnaturgy.org\/ca\/wp-json\/wp\/v2\/tags?post=89213"},{"taxonomy":"content-type","embeddable":true,"href":"https:\/\/www.fundacionnaturgy.org\/ca\/wp-json\/wp\/v2\/content-type?post=89213"}],"curies":[{"name":"wp","href":"https:\/\/api.w.org\/{rel}","templated":true}]}}