{"id":89568,"date":"2024-05-23T16:14:14","date_gmt":"2024-05-23T14:14:14","guid":{"rendered":"https:\/\/www.fundacionnaturgy.org\/fundacio-naturgy-premia-els-sis-millors-projectes-escolars-deficiencia-energetica-de-centres-educatius-espanyols\/"},"modified":"2024-05-23T16:14:14","modified_gmt":"2024-05-23T14:14:14","slug":"fundacio-naturgy-premia-els-sis-millors-projectes-escolars-deficiencia-energetica-de-centres-educatius-espanyols","status":"publish","type":"post","link":"https:\/\/www.fundacionnaturgy.org\/ca\/fundacio-naturgy-premia-els-sis-millors-projectes-escolars-deficiencia-energetica-de-centres-educatius-espanyols\/","title":{"rendered":"Fundaci\u00f3 Naturgy premia els sis millors projectes escolars d\u2019efici\u00e8ncia energ\u00e8tica de centres educatius espanyols"},"content":{"rendered":"<div style=\"margin-top: 0px; margin-bottom: 0px;\" class=\"sharethis-inline-share-buttons\" ><\/div><p>Sis centres educatius d\u2019Andalusia, Catalunya, Extremadura, La Rioja i Navarra han resultat guanyadors de la sisena edici\u00f3 del Certamen Tecnol\u00f2gic Efigy, amb projectes que proposen iniciatives vinculades a la millora de la qualitat de l\u2019aire a les ciutats, l\u2019efici\u00e8ncia energ\u00e8tica, la innovaci\u00f3 energ\u00e8tica per als Objectius de Desenvolupament Sostenible, la transici\u00f3 energ\u00e8tica o la mobilitat sostenible, aix\u00ed com l\u2019assessoria energ\u00e8tica en entorns vulnerables.<\/p>\n<p>En aquesta sisena edici\u00f3, el Certamen Tecnol\u00f2gic Efigy ha rebut 92 projectes tecnol\u00f2gics i hi han participat m\u00e9s de dos mil alumnes de 3r i 4t d\u2019ESO de 14 Comunitats Aut\u00f2nomes.<\/p>\n<p>Fa unes setmanes es van donar a con\u00e8ixer els nou centres educatius semifinalistes i, en una jornada celebrada avui a Madrid, han tingut l\u2019oportunitat de compartir i defensar les seves propostes. La gala posterior, en la qual s\u2019han conegut els centres educatius guanyadors, ha estat presentada per la divulgadora <strong>Clara Grima<\/strong>, professora de Matem\u00e0tiques a la Universitat de Sevilla. L&#8217;esdeveniment tamb\u00e9 ha comptat amb la participaci\u00f3 de <strong>Jos\u00e9 Manuel Bar Cend\u00f3n<\/strong>, <a href=\"https:\/\/es.wikipedia.org\/wiki\/Secretar%C3%ADa_de_Estado_de_Educaci%C3%B3n\">secretari d&#8217;Estat d&#8217;Educaci\u00f3<\/a> del Ministeri d&#8217;Educaci\u00f3, Formaci\u00f3 Professional i Esports, per delegaci\u00f3 de la Ministra d&#8217;Educaci\u00f3, Formaci\u00f3 Professional i Esports,<strong> Pilar Alegria<\/strong>; i de <strong>Mar\u00eda del Rosario Heras<\/strong>, doctora en F\u00edsica i Investigadora em\u00e8rita del Centre d&#8217;Investigacions Energ\u00e8tiques, Mediambientals i Tecnol\u00f2giques (CIEMAT).<\/p>\n<p>El jurat, format per representants de l\u2019Institut per a la Transici\u00f3 Justa (ITJ), el Consell Superior d\u2019Investigacions Cient\u00edfiques (CSIC), la Fundaci\u00f3 Espanyola per a la Ci\u00e8ncia i la Tecnologia (FECYT), Naturgy i Fundaci\u00f3 Naturgy, tamb\u00e9 ha participat en l\u2019esdeveniment i ha valorat la capacitat innovadora dels participants en l\u2019\u00e0mbit de l\u2019energia, el desenvolupament de projectes originals basats en dades emp\u00edriques i els coneixements cientificotecnol\u00f2gics demostrats que permetrien dur a terme els projectes guanyadors.<\/p>\n<p><strong>Certamen Tecnol\u00f2gic Efigy, el reconeixement escolar per fomentar les vocacions STEM<\/strong><\/p>\n<p>El Certamen Tecnol\u00f2gic Efigy, que enguany celebra la seva sisena edici\u00f3 i \u00e9s una iniciativa consolidada en l\u2019agenda educativa nacional, repta a estudiants de 3r i 4t curs d\u2019ESO de tot Espanya a presentar projectes d\u2019innovaci\u00f3 i efici\u00e8ncia energ\u00e8tica que contribueixin a millorar la salut ambiental del planeta. Amb aquesta iniciativa, la Fundaci\u00f3 de la companyia energ\u00e8tica busca fomentar les vocacions STEM i els valors d\u2019efici\u00e8ncia energ\u00e8tica entre els joves.<\/p>\n<p>La directora general de Fundaci\u00f3 Naturgy, <strong>Mar\u00eda Eugenia Coronado<\/strong>, ha felicitat tots els participants del Certamen per la creativitat i l\u2019aplicabilitat de tots els projectes presentats, ressaltant \u201cla qualitat de les propostes, aix\u00ed com la dedicaci\u00f3 d\u2019alumnes i professors\u201d. \u201cL\u2019\u00e8xit del Certamen Tecnol\u00f2gic Efigy rau en l\u2019esfor\u00e7 dels escolars que, cada any, presenten projectes tecnol\u00f2gics innovadors, tan necessaris per seguir incrementant l\u2019efici\u00e8ncia energ\u00e8tica i garantir una transici\u00f3 justa per a tothom\u201d. Coronado va recordar que \u201cl\u2019objectiu d\u2019aquesta iniciativa \u00e9s crear un entorn d\u2019aprenentatge en el qual s\u2019afavoreixi l\u2019acc\u00e9s al coneixement especialitzat i el foment de vocacions tecnol\u00f2giques, perqu\u00e8 entre tots puguem garantir una transici\u00f3 energ\u00e8tica justa i avan\u00e7ar en la sostenibilitat del planeta\u201d.<\/p>\n<p><strong>Els projectes guanyadors<\/strong><\/p>\n<p>Els alumnes del centre escolar <a href=\"https:\/\/www.youtube.com\/watch?v=n_5SbbHaWdA&amp;list=PLyFRYZkcUkEhYkbYVb8E244hl0PVkPzdU&amp;index=10&amp;pp=iAQB\"><strong>IESO Mariano Barbacid<\/strong><\/a> (Solana de los Barros, Badajoz) han estat reconeguts en la categoria de \u2018Projecte m\u00e9s realitzable\u2019. La seva proposta \u2018ECOHEAT, calefactor solar amb llaunes d\u2019alumini\u2019 consisteix en la conversi\u00f3 de l\u2019energia solar en energia t\u00e8rmica per produir aire calent mitjan\u00e7ant sistemes renovables.<\/p>\n<p>Per la seva banda, el <a href=\"https:\/\/www.youtube.com\/watch?v=iWdwtzUOpzw&amp;list=PLyFRYZkcUkEhYkbYVb8E244hl0PVkPzdU&amp;index=12&amp;pp=iAQB\"><strong>Colegio San Agust\u00edn<\/strong><\/a> (Calahorra, La Rioja) i el seu \u2018Viridi Navitas\u2019, ha obtingut el guard\u00f3 en la categoria de \u2018Projecte m\u00e9s innovador\u2019. La seva proposta consisteix en la implementaci\u00f3 d\u2019un sistema de mur viu biofotovoltaic que generi energia renovable per a \u00fas en petits dispositius.<\/p>\n<p>El guard\u00f3 en la categoria al \u2018Millor comunicat\u2019 ha recaigut en el centre educatiu <a href=\"https:\/\/www.youtube.com\/watch?v=8lkChO4BBVg&amp;list=PLyFRYZkcUkEhYkbYVb8E244hl0PVkPzdU&amp;index=9&amp;pp=iAQB\"><strong>EE.PP.<\/strong><\/a><a href=\"https:\/\/www.youtube.com\/watch?v=8lkChO4BBVg&amp;list=PLyFRYZkcUkEhYkbYVb8E244hl0PVkPzdU&amp;index=9&amp;pp=iAQB\"><strong> Sagrada Fam\u00edlia-Fundaci\u00f3 Pe\u00f1aflor<\/strong><\/a> (\u00c9cija, Sevilla).\u00a0 Els seus alumnes, amb el projecte \u2018ETAPP\u2019, van plantejar el disseny i creaci\u00f3 d\u2019una app de videotutorials d\u2019electrodom\u00e8stics que permetr\u00e0 als usuaris accedir de forma r\u00e0pida, amena i divertida a explicacions senzilles sobre l\u2019\u00fas del producte que acaba d\u2019adquirir.<\/p>\n<p>El reconeixement al centre educatiu \u2018M\u00e9s implicat\u2019 ha estat doble: l\u2019<a href=\"https:\/\/www.youtube.com\/watch?v=FUEo6SrvCxY&amp;list=PLyFRYZkcUkEhYkbYVb8E244hl0PVkPzdU&amp;index=5&amp;pp=iAQB\"><strong>IES Mendillorri BHI<\/strong><\/a> (Pamplona), amb el seu projecte \u2018Pedalant carreguem piles\u2019 amb un sistema de pedaleig port\u00e0til que permet aprofitar l&#8217;energia mec\u00e0nica i transformar-la en energia el\u00e8ctrica que s\u2019utilitza per carregar petits dispositius electr\u00f2nics; i a l\u2019<a href=\"https:\/\/www.youtube.com\/watch?v=M9BSuZqYFds&amp;list=PLyFRYZkcUkEhYkbYVb8E244hl0PVkPzdU&amp;index=6&amp;pp=iAQB\"><strong>INS Roquetes<\/strong><\/a> (Roquetes, Tarragona) pel seu projecte \u2018Ecostreet\u2019, amb la creaci\u00f3 d\u2019un model de carretera que compleix amb una doble funci\u00f3: generar corrent el\u00e8ctrica a partir de les vibracions produ\u00efdes pels neum\u00e0tics i carregar cotxes el\u00e8ctrics que circulen pel tram de la via automobil\u00edstica.<\/p>\n<p>El jurat tamb\u00e9 ha fet un reconeixement especial amb l\u2019Acc\u00e8ssit al \u2018Projecte m\u00e9s realitzable\u2019 per a l\u2019<a href=\"https:\/\/www.youtube.com\/watch?v=QhgpU87GDuM&amp;list=PLyFRYZkcUkEhYkbYVb8E244hl0PVkPzdU&amp;index=11&amp;pp=iAQB\"><strong>IES Plaza de la Cruz<\/strong><\/a> de Pamplona. Amb la seva \u2018Consci\u00e8ncia Ambiental\u2019 proposen la conscienciaci\u00f3 de l\u2019alumnat d\u2019aquest centre sobre la import\u00e0ncia de la consci\u00e8ncia ambiental i els factors que la travessen a trav\u00e9s de tres passos: mesurar la consci\u00e8ncia ambiental de base de l\u2019alumnat, exercir diferents accions amb l\u2019objectiu d\u2019augmentar la consci\u00e8ncia ambiental de la comunitat educativa i avaluar l\u2019impacte de les accions involucrades en la presa de consci\u00e8ncia ambiental.<\/p>\n<p>Com en les cinc edicions anteriors, la d\u2019aquest any ha incl\u00f2s tamb\u00e9 la votaci\u00f3 popular a trav\u00e9s de les xarxes socials de Fundaci\u00f3 Naturgy. Els v\u00eddeos dels projectes semifinalistes van tenir m\u00e9s de 23.058 visualitzacions i prop de 5.970 likes.<\/p>\n<p>Enguany el jurat d\u2019experts ha estat format per <strong>Laura Mart\u00edn<\/strong>, directora de l\u2019Institut per a la Transici\u00f3 Justa del Ministeri per a la Transici\u00f3 Ecol\u00f2gica i el Repte Demogr\u00e0fic; <strong>Bel\u00e9n Gilarranz<\/strong>, responsable de relacions institucionals de FECYT, dependent del Ministeri de Ci\u00e8ncia i Innovaci\u00f3; <strong>Ana Castro<\/strong>, vicepresidenta d&#8217;innovaci\u00f3 i transfer\u00e8ncia del Consell Superior d&#8217;Investigacions Cient\u00edfiques (CSIC); <strong>Nuria Rodr\u00edguez<\/strong>, directora de Medi Ambient i RSC de Naturgy; i <strong>Manuel Calvo<\/strong>, responsable d&#8217;Energia i Medi Ambient de Fundaci\u00f3 Naturgy.<\/p>\n<p><strong>Sis anys del Certamen Tecnol\u00f2gic Efigy<\/strong><\/p>\n<p>Amb la celebraci\u00f3 d\u2019aquesta nova edici\u00f3, es compleixen sis convocat\u00f2ries des que Fundaci\u00f3 Naturgy va posar en marxa el Certamen Tecnol\u00f2gic Efigy. Durant aquest temps, han participat en la iniciativa m\u00e9s de 8.000 alumnes de 3r i 4t d\u2019ESO de 104 centres educatius de 15 Comunitats Aut\u00f2nomes. En total, s\u2019han avaluat m\u00e9s de 300 projectes sobre efici\u00e8ncia energ\u00e8tica, que han despertat l\u2019inter\u00e8s de les xarxes socials i han obtingut m\u00e9s de 153.058 visualitzacions.<\/p>\n<p>El Certamen Tecnol\u00f2gic Efigy forma part del programa Efigy Education, amb el qual la Fundaci\u00f3 Naturgy ofereix un ampli cat\u00e0leg formatiu en l\u2019\u00e0mbit del canvi clim\u00e0tic i les noves tecnologies energ\u00e8tiques, amb m\u00e9s d\u2019un mili\u00f3 de persones beneficiades des del 2018. Aquest programa t\u00e9 el reconeixement i rep la col\u00b7laboraci\u00f3 d\u2019institucions de refer\u00e8ncia en l\u2019\u00e0mbit de l\u2019educaci\u00f3 i la recerca, com el Ministeri d\u2019Educaci\u00f3, Formaci\u00f3 Professional i Esports, la FECYT i el CSIC.<\/p>\n","protected":false},"excerpt":{"rendered":"<p>M\u00e9s de dos mil alumnes de 14 Comunitats Aut\u00f2nomes han participat enguany en aquesta competici\u00f3 escolar que busca fomentar les vocacions tecnol\u00f2giques i la consci\u00e8ncia sobre l\u2019efici\u00e8ncia energ\u00e8tica entre els m\u00e9s joves.<\/p>\n","protected":false},"author":1454,"featured_media":89542,"comment_status":"closed","ping_status":"closed","sticky":false,"template":"","format":"standard","meta":{"inline_featured_image":false},"categories":[242],"tags":[],"content-type":[1222],"acf":[],"post_class":["post-89568","post","type-post","status-publish","format-standard","has-post-thumbnail","hentry","category-educacio-divulgacio","content-type-nota-premsa","wordpress-sticky"],"_links":{"self":[{"href":"https:\/\/www.fundacionnaturgy.org\/ca\/wp-json\/wp\/v2\/posts\/89568"}],"collection":[{"href":"https:\/\/www.fundacionnaturgy.org\/ca\/wp-json\/wp\/v2\/posts"}],"about":[{"href":"https:\/\/www.fundacionnaturgy.org\/ca\/wp-json\/wp\/v2\/types\/post"}],"author":[{"embeddable":true,"href":"https:\/\/www.fundacionnaturgy.org\/ca\/wp-json\/wp\/v2\/users\/1454"}],"replies":[{"embeddable":true,"href":"https:\/\/www.fundacionnaturgy.org\/ca\/wp-json\/wp\/v2\/comments?post=89568"}],"version-history":[{"count":0,"href":"https:\/\/www.fundacionnaturgy.org\/ca\/wp-json\/wp\/v2\/posts\/89568\/revisions"}],"wp:featuredmedia":[{"embeddable":true,"href":"https:\/\/www.fundacionnaturgy.org\/ca\/wp-json\/wp\/v2\/media\/89542"}],"wp:attachment":[{"href":"https:\/\/www.fundacionnaturgy.org\/ca\/wp-json\/wp\/v2\/media?parent=89568"}],"wp:term":[{"taxonomy":"category","embeddable":true,"href":"https:\/\/www.fundacionnaturgy.org\/ca\/wp-json\/wp\/v2\/categories?post=89568"},{"taxonomy":"post_tag","embeddable":true,"href":"https:\/\/www.fundacionnaturgy.org\/ca\/wp-json\/wp\/v2\/tags?post=89568"},{"taxonomy":"content-type","embeddable":true,"href":"https:\/\/www.fundacionnaturgy.org\/ca\/wp-json\/wp\/v2\/content-type?post=89568"}],"curies":[{"name":"wp","href":"https:\/\/api.w.org\/{rel}","templated":true}]}}