{"id":91135,"date":"2024-12-18T10:51:13","date_gmt":"2024-12-18T09:51:13","guid":{"rendered":"https:\/\/www.fundacionnaturgy.org\/70-000-persones-vulnerables-shan-beneficiat-del-conveni-de-collaboracio-entre-la-fundacio-naturgy-i-caritas-per-a-la-lluita-contra-la-pobresa-energetica\/"},"modified":"2024-12-18T10:51:13","modified_gmt":"2024-12-18T09:51:13","slug":"70-000-persones-vulnerables-shan-beneficiat-del-conveni-de-collaboracio-entre-la-fundacio-naturgy-i-caritas-per-a-la-lluita-contra-la-pobresa-energetica","status":"publish","type":"post","link":"https:\/\/www.fundacionnaturgy.org\/ca\/70-000-persones-vulnerables-shan-beneficiat-del-conveni-de-collaboracio-entre-la-fundacio-naturgy-i-caritas-per-a-la-lluita-contra-la-pobresa-energetica\/","title":{"rendered":"70.000 persones vulnerables s\u2019han beneficiat del conveni de col\u00b7laboraci\u00f3 entre la Fundaci\u00f3 Naturgy i C\u00e1ritas per a la lluita contra la pobresa energ\u00e8tica"},"content":{"rendered":"<div style=\"margin-top: 0px; margin-bottom: 0px;\" class=\"sharethis-inline-share-buttons\" ><\/div><p>Fundaci\u00f3 Naturgy i C\u00e1ritas han reafirmat el seu comprom\u00eds de lluita conjunta contra la vulnerabilitat energ\u00e8tica amb la renovaci\u00f3 de l\u2019alian\u00e7a que mantenen des de l\u2019any 2017. Gr\u00e0cies al seu acord com\u00fa, 70.000 persones vulnerables s\u2019han vist beneficiades pels diferents programes de lluita contra la pobresa energ\u00e8tica que ambdues entitats impulsen de manera coordinada des de fa set anys.<\/p>\n<p>Fundaci\u00f3 Naturgy i C\u00e1ritas treballen en tres tipus de programes: Rehabilitaci\u00f3 Energ\u00e8tica, Escola d\u2019Energia i projectes d\u2019instal\u00b7laci\u00f3 d\u2019energia solar fotovoltaica, que gr\u00e0cies a la signatura d\u2019aquest nou conveni continuaran impulsant i amplificant-ne l\u2019abast per beneficiar un nombre m\u00e9s gran de persones.<\/p>\n<p>El vicepresident de Fundaci\u00f3 Naturgy, Jordi Garcia Tabernero, ha assenyalat en l\u2019acte de signatura de la renovaci\u00f3 que \u201caquesta \u00e9s una alian\u00e7a que representa molt b\u00e9 els valors comuns d\u2019ambdues entitats, compromeses amb un desenvolupament sostenible de la societat\u201d. A m\u00e9s, ha incidit que \u201ctots els empleats de Naturgy ens sentim orgullosos que la nostra empresa ajudi persones i fam\u00edlies en situaci\u00f3 de vulnerabilitat i contribueixi al b\u00e9 social, anant m\u00e9s enll\u00e0 dels nostres objectius purament de negoci\u201d.<\/p>\n<p>Per la seva banda, el president de C\u00e1ritas Espa\u00f1ola, <strong>Manuel Bret\u00f3n<\/strong>, ha posat de manifest que \u201cno nom\u00e9s es tracta d\u2019una de les col\u00b7laboracions amb m\u00e9s participaci\u00f3 de les C\u00e1ritas diocesanes presents en tots els punts del pa\u00eds, sin\u00f3 que suposa una enorme oportunitat per millorar la nostra aposta per les energies renovables\u201d.<\/p>\n<p>La directora general de Fundaci\u00f3 Naturgy, <strong>Mar\u00eda Eugenia Coronado<\/strong>, ha valorat la import\u00e0ncia del treball en xarxa. \u201cLa tasca que impulsem com a fundaci\u00f3 no tindria tant abast si no fos per la nostra col\u00b7laboraci\u00f3 permanent i estreta amb les organitzacions del tercer sector que, com C\u00e1ritas, tenen contacte directe amb les persones m\u00e9s vulnerables de la nostra societat\u201d.<\/p>\n<p><strong>Assessorament i millora de l\u2019efici\u00e8ncia energ\u00e8tica<\/strong><\/p>\n<p>Les actuacions conjuntes d\u2019ambdues entitats tenen una doble vessant. D\u2019una banda, estan centrades a facilitar informaci\u00f3 i assessorament per optimitzar el consum energ\u00e8tic. I, d\u2019altra banda, a impulsar actuacions de rehabilitaci\u00f3 en habitatges i edificis que en millorin l\u2019efici\u00e8ncia energ\u00e8tica.<\/p>\n<p>En la l\u00ednia de millora de l\u2019efici\u00e8ncia, Fundaci\u00f3 Naturgy, amb recursos del Fons de Rehabilitaci\u00f3 Energ\u00e8tica, treballa juntament amb C\u00e1ritas en actuacions que millorin la confortabilitat de les llars des del punt de vista del consum energ\u00e8tic, com ara la instal\u00b7laci\u00f3 d\u2019a\u00efllaments, tancaments, calefacci\u00f3, canvi de llumin\u00e0ries, electrodom\u00e8stics i adequacions i millora d\u2019instal\u00b7lacions d\u2019electricitat i gas natural. Aix\u00ed, han actuat sobre 2.477 habitatges. Els beneficiaris d\u2019aquestes iniciatives s\u00f3n persones que pateixen precarietat econ\u00f2mica i que pertanyen a diferents col\u00b7lectius, com ara fam\u00edlies amb menors al seu c\u00e0rrec, persones joves, persones grans soles o persones sense llar, entre d\u2019altres.<\/p>\n<p>A m\u00e9s, conjuntament impulsen projectes d\u2019innovaci\u00f3 social, amb la instal\u00b7laci\u00f3 de sistemes d\u2019autoconsum fotovoltaic. Gr\u00e0cies a la signatura d\u2019aquest conveni es podran fer quatre noves instal\u00b7lacions amb una pot\u00e8ncia instal\u00b7lada de 40,1 kWp, equivalent a 76 panells solars, que beneficiaran prop de 500 persones. Aquestes noves instal\u00b7lacions se sumen a les 9 realitzades anys anteriors, les quals van permetre la instal\u00b7laci\u00f3 de 404 panells i van beneficiar prop de 4.000 persones.<\/p>\n<p>D\u2019altra banda, Fundaci\u00f3 Naturgy compta amb l\u2019Escola d\u2019Energia, amb la qual forma en temes energ\u00e8tics amb l\u2019objectiu de millorar la qualitat de vida de les persones en situaci\u00f3 de vulnerabilitat. Aix\u00ed, en col\u00b7laboraci\u00f3 amb C\u00e1ritas, ha realitzat 79 tallers, als quals han assistit m\u00e9s de 1.000 fam\u00edlies.<\/p>\n<p><strong>C\u00e1ritas Espa\u00f1ola<\/strong><\/p>\n<p><strong>\u00a0<\/strong>C\u00e1ritas Espa\u00f1ola t\u00e9 per objecte la realitzaci\u00f3 de l\u2019acci\u00f3 caritativa i social de l\u2019Esgl\u00e9sia cat\u00f2lica a Espanya a trav\u00e9s de la comunitat cristiana, a fi de promoure i coordinar la comunicaci\u00f3 cristiana de b\u00e9ns en totes les seves formes, i d\u2019ajudar a la promoci\u00f3 humana i al desenvolupament integral de totes les persones. Amb aquesta finalitat promou, anima i coordina les iniciatives de car\u00e0cter assistencial, promoci\u00f3 integral de la persona i de den\u00fancia prof\u00e8tica. La seva xarxa nacional est\u00e0 constitu\u00efda per unes 5.400 C\u00e0ritas parroquials, 70 C\u00e0ritas diocesanes i les corresponents C\u00e0ritas regionals o auton\u00f2miques.<\/p>\n<p>L\u2019acci\u00f3 desenvolupada per C\u00e0ritas per a l\u2019erradicaci\u00f3 de la pobresa t\u00e9 tamb\u00e9 una \u00e0mplia dimensi\u00f3 internacional que funciona a trav\u00e9s de 162 C\u00e0ritas nacionals, amb pres\u00e8ncia a m\u00e9s de 200 pa\u00efsos i territoris d\u2019arreu del m\u00f3n, que formen la xarxa C\u00e0ritas Internacional, amb seu a Roma. El comprom\u00eds de C\u00e1ritas amb les persones excloses est\u00e0 avalat per l\u2019acci\u00f3 de m\u00e9s de 71.437 voluntaris i de 5.427 treballadors remunerats. Durant l\u2019\u00faltim any, C\u00e1ritas Espa\u00f1ola va invertir m\u00e9s de 486,5 milions d\u2019euros per donar suport a 2,5 milions de persones vulnerables tant dins com fora d\u2019Espanya.<\/p>\n","protected":false},"excerpt":{"rendered":"<p>La fundaci\u00f3 de la companyia energ\u00e8tica i C\u00e1ritas han renovat, un any m\u00e9s, l\u2019acord de col\u00b7laboraci\u00f3 conjunt que mantenen des del 2017 i amb el qual estan compromesos a desenvolupar programes de lluita contra la vulnerabilitat energ\u00e8tica. <\/p>\n","protected":false},"author":1454,"featured_media":91110,"comment_status":"closed","ping_status":"closed","sticky":false,"template":"","format":"standard","meta":{"inline_featured_image":false},"categories":[917],"tags":[],"content-type":[1222],"acf":[],"post_class":["post-91135","post","type-post","status-publish","format-standard","has-post-thumbnail","hentry","category-accio-social-ca","content-type-nota-premsa","wordpress-sticky"],"_links":{"self":[{"href":"https:\/\/www.fundacionnaturgy.org\/ca\/wp-json\/wp\/v2\/posts\/91135"}],"collection":[{"href":"https:\/\/www.fundacionnaturgy.org\/ca\/wp-json\/wp\/v2\/posts"}],"about":[{"href":"https:\/\/www.fundacionnaturgy.org\/ca\/wp-json\/wp\/v2\/types\/post"}],"author":[{"embeddable":true,"href":"https:\/\/www.fundacionnaturgy.org\/ca\/wp-json\/wp\/v2\/users\/1454"}],"replies":[{"embeddable":true,"href":"https:\/\/www.fundacionnaturgy.org\/ca\/wp-json\/wp\/v2\/comments?post=91135"}],"version-history":[{"count":0,"href":"https:\/\/www.fundacionnaturgy.org\/ca\/wp-json\/wp\/v2\/posts\/91135\/revisions"}],"wp:featuredmedia":[{"embeddable":true,"href":"https:\/\/www.fundacionnaturgy.org\/ca\/wp-json\/wp\/v2\/media\/91110"}],"wp:attachment":[{"href":"https:\/\/www.fundacionnaturgy.org\/ca\/wp-json\/wp\/v2\/media?parent=91135"}],"wp:term":[{"taxonomy":"category","embeddable":true,"href":"https:\/\/www.fundacionnaturgy.org\/ca\/wp-json\/wp\/v2\/categories?post=91135"},{"taxonomy":"post_tag","embeddable":true,"href":"https:\/\/www.fundacionnaturgy.org\/ca\/wp-json\/wp\/v2\/tags?post=91135"},{"taxonomy":"content-type","embeddable":true,"href":"https:\/\/www.fundacionnaturgy.org\/ca\/wp-json\/wp\/v2\/content-type?post=91135"}],"curies":[{"name":"wp","href":"https:\/\/api.w.org\/{rel}","templated":true}]}}