{"id":94418,"date":"2025-11-28T13:12:04","date_gmt":"2025-11-28T12:12:04","guid":{"rendered":"https:\/\/www.fundacionnaturgy.org\/la-transicio-justa-i-limpuls-multilateral-entre-els-principals-consensos-remarcats-despres-de-lanalisi-de-la-cop30-de-belem\/"},"modified":"2025-11-28T13:12:04","modified_gmt":"2025-11-28T12:12:04","slug":"la-transicio-justa-i-limpuls-multilateral-entre-els-principals-consensos-remarcats-despres-de-lanalisi-de-la-cop30-de-belem","status":"publish","type":"post","link":"https:\/\/www.fundacionnaturgy.org\/ca\/la-transicio-justa-i-limpuls-multilateral-entre-els-principals-consensos-remarcats-despres-de-lanalisi-de-la-cop30-de-belem\/","title":{"rendered":"La transici\u00f3 justa i l\u2019impuls multilateral, entre els principals consensos remarcats despr\u00e9s de l\u2019an\u00e0lisi de la COP30 de Bel\u00e9m"},"content":{"rendered":"<div style=\"margin-top: 0px; margin-bottom: 0px;\" class=\"sharethis-inline-share-buttons\" ><\/div><p>La COP30, celebrada enguany a Bel\u00e9m, ha tancat les sessions amb un missatge clar: la urg\u00e8ncia clim\u00e0tica exigeix accelerar l\u2019acci\u00f3 global i refor\u00e7ar els compromisos assumits pels governs, les empreses i la societat. Durant una setmana de negociacions intenses, els l\u00edders internacionals s\u2019han centrat en la protecci\u00f3 de l\u2019Amaz\u00f2nia, la transici\u00f3 energ\u00e8tica justa i el finan\u00e7ament clim\u00e0tic com a eixos fonamentals per contenir l\u2019escalfament global i refor\u00e7ar la resili\u00e8ncia de les comunitats m\u00e9s vulnerables.<\/p>\n<p>En aquest sentit,\u00a0<strong>Fundaci\u00f3 Naturgy<\/strong>\u00a0i el\u00a0<strong>Cap\u00edtol Espanyol del Club de Roma<\/strong>\u00a0han organitzat una nova jornada de \u2018Converses entre experts\u2019 per analitzar les conclusions de la COP30 del Brasil, en la qual tamb\u00e9 s\u2019ha abordat l\u2019actualitat del sector energ\u00e8tic, el medi ambient i la sostenibilitat.<\/p>\n<p>En la sessi\u00f3 han participat\u00a0<strong>Elena Pita<\/strong>, directora general de l\u2019Oficina Espanyola de Canvi Clim\u00e0tic del Ministeri per a la Transici\u00f3 Ecol\u00f2gica i el Repte Demogr\u00e0fic (MITECO), i\u00a0<strong>Lara L\u00e1zaro Touza<\/strong>, investigadora principal del Reial Institut Elcano i professora de teoria econ\u00f2mica al Centre d\u2019Ensenyament Superior Cardenal Cisneros, en una conversa per tractar les conclusions principals de la confer\u00e8ncia d\u2019enguany.<\/p>\n<p><strong>Elena Pita<\/strong>\u00a0comentava que \u201ca mesura que van passant els dies, des de la COP es van matisant les sensacions. Les nostres expectatives eren molt altes i el resultat no ha estat tan ambici\u00f3s com esper\u00e0vem, especialment en mitigaci\u00f3, per\u00f2 s\u00ed que s\u2019han aconseguit aven\u00e7os importants\u201d. Pita destacava que \u201c\u00e9s cabdal remarcar que la direcci\u00f3 \u00e9s la correcta. Sabem el que hem de fer, vol\u00edem avan\u00e7ar en un full de ruta que ens indiqu\u00e9s quan i com posar damunt de la taula un cam\u00ed a seguir\u201d.<\/p>\n<p>A l\u2019hora d\u2019analitzar el paper d\u2019Espanya a la COP, Elena Pita ha afirmat que \u201cha tingut un paper molt protagonista i ha destacat la gran abs\u00e8ncia dels Estats Units, que, sens dubte, augmenta la tensi\u00f3 en les negociacions, per\u00f2 tamb\u00e9 es pot veure amb alleujament el fet que no hi hagi hagut una postura activa de bloqueig, com \u00e9s habitual. Per la seva banda, la Xina ha mostrat contradiccions entre el seu comprom\u00eds per les renovables i el seu gran volum d\u2019emissions amb carb\u00f3\u201d. A m\u00e9s, Pita alertava que \u201c2024 ha estat el primer any en qu\u00e8 s\u2019ha superat aquesta xifra de l\u20191,5\u00a0\u00baC i cal posar aix\u00f2 en perspectiva. La missi\u00f3 de les COP \u00e9s donar senyals i estrat\u00e8gies basades en la pol\u00edtica, i l\u2019espai de participaci\u00f3 que s\u2019est\u00e0 atorgant als actors no governamentals s\u2019est\u00e0 fent cada vegada m\u00e9s gran\u201d.<\/p>\n<p>Per altra banda,\u00a0<strong>Lara L\u00e1zaro<\/strong>\u00a0afirmava que \u201cha estat una COP intensa, com totes, i aquesta encara m\u00e9s en coincidir amb el des\u00e8 aniversari de l\u2019Acord de Par\u00eds. La previsi\u00f3 de l\u2019augment de les temperatures amb les pol\u00edtiques actuals se situa en 2,8 graus i, malgrat que l\u2019Acord de Par\u00eds \u00e9s flexible, ca\u00f2tic, insuficient i din\u00e0mic, continua sent la br\u00faixola cap a la qual s\u2019orienta el nostre model de desenvolupament. Per aix\u00f2 va ser decebedor passar d\u2019aquell full de ruta a la decisi\u00f3 final que es va acabar prenent. Tot i aix\u00f2, de cara al futur podem veure un moviment d\u2019empenta i una possible reforma dels consensos que permetria incloure en els annexos alguns acords de clubs clim\u00e0tics, perqu\u00e8 l\u2019ambici\u00f3 no es freni. Els objectius de la presid\u00e8ncia, com el multilateralisme, la implementaci\u00f3 i situar les persones al centre, marquen aquest cam\u00ed, i en aquest \u00faltim punt cal fer valer l\u2019acord de transici\u00f3 justa\u201d.<\/p>\n<p>L\u00e1zaro tamb\u00e9 ha posat esment en el programa d\u2019acci\u00f3 de g\u00e8nere, en el qual ha ressaltat que &#8220;encara continuen oberts debats amb pa\u00efsos com l\u2019Ar\u00e0bia Saudita&#8221;. En el marc de la ci\u00e8ncia, \u201cha sorgit tamb\u00e9 la q\u00fcesti\u00f3 de com incloure m\u00e9s b\u00e9 els cient\u00edfics de l\u2019hemisferi sud. En aquest escenari, el paper de la Xina resulta rellevant, ja que per primera vegada fixa un objectiu per reduir l\u2019emissi\u00f3 de gasos d\u2019efecte hivernacle. El Regne Unit, altrament, destaca de manera significativa per la seva ambici\u00f3. I \u00e9s important recordar la difer\u00e8ncia que hem aconseguit des que existeix la COP, ja que passem de preveure augments d\u2019entre 3 i 4 graus a situar-nos en 2,8. Aquest marc funciona gr\u00e0cies a les pol\u00edtiques nacionals i a la demanda creixent d\u2019acci\u00f3 per part de la ciutadania\u201d, ha concl\u00f2s.<\/p>\n<p>Al principi de la jornada, inaugurava la sessi\u00f3\u00a0<strong>Mar\u00eda Eugenia Coronado<\/strong>, directora general de Fundaci\u00f3 Naturgy, qui ha volgut destacar que \u201ccom en les \u00faltimes edicions, aquesta COP ha mostrat llums i ombres, ja que s\u2019han assolit aven\u00e7os rellevants, per\u00f2 tamb\u00e9 han sortit a la llum desafiaments a curt termini. Recollint els principals titulars, volem fer \u00e8mfasi en el m\u00e9s positiu, com la consolidaci\u00f3 de l\u2019enfocament de transici\u00f3 justa, posant les persones al centre de l\u2019acci\u00f3 clim\u00e0tica\u201d. Coronado s\u2019ha centrat en el context geopol\u00edtic, que \u201cmalgrat la situaci\u00f3 especialment complexa, s\u2019ha aconseguit preservar l\u2019impuls multilateral, imprescindible per mantenir viu el comprom\u00eds internacional. Des de la nostra perspectiva, valorem especialment l\u2019aprovaci\u00f3 del comprom\u00eds de triplicar el finan\u00e7ament clim\u00e0tic d\u2019aqu\u00ed al 2035\u201d.<\/p>\n<p>No obstant aix\u00f2, per a Mar\u00eda Eugenia els reptes segueixen sent enormes. \u201cLa bretxa clim\u00e0tica continua sent molt \u00e0mplia i els aven\u00e7os en la posada en pr\u00e0ctica no evolucionen al ritme que exigeix la ci\u00e8ncia. Les projeccions actuals apunten a un escalfament per sobre dels dos graus cent\u00edgrads, i les difer\u00e8ncies entre regions persisteixen\u201d.<\/p>\n<p>La cloenda ha anat a c\u00e0rrec de\u00a0<strong>Jos\u00e9 Manuel Mor\u00e1n<\/strong>, vicepresident del Cap\u00edtol Espanyol del Club de Roma, que ha afirmat que \u201cla complexitat del m\u00f3n actual ens deixa sovint sense respostes i posa en risc fins i tot el nostre entramat intel\u00b7lectual i jur\u00eddic. Per\u00f2 la manera com s\u2019ha plantejat la COP30 en aquest f\u00f2rum ens ha tornat una mica d\u2019esperan\u00e7a, potser per reprendre el cam\u00ed amb el qual es va anar construint la Uni\u00f3 Europea\u201d.<\/p>\n<p>Mor\u00e1n ha analitzat l\u2019actualitat geopol\u00edtica com \u201cun m\u00f3n on una pot\u00e8ncia decadent com els Estats Units s\u2019enfronta a una Xina emergent, que combina aven\u00e7os en energies renovables amb un \u00fas del carb\u00f3 poc previsible i que disposa de materials cr\u00edtics clau. Aquesta confrontaci\u00f3, unida a la crisi del multilateralisme, incrementa la sensaci\u00f3 d\u2019incertesa que defineix el nostre temps\u201d.<\/p>\n","protected":false},"excerpt":{"rendered":"<p>Expectatives altes per a un resultat poc ambici\u00f3s, una altra de les conclusions que han destacat en la jornada de Fundaci\u00f3 Naturgy i el Cap\u00edtol Espanyol del Club de Roma.<\/p>\n","protected":false},"author":1454,"featured_media":94400,"comment_status":"closed","ping_status":"closed","sticky":false,"template":"","format":"standard","meta":{"inline_featured_image":false},"categories":[240],"tags":[],"content-type":[1222],"acf":[],"post_class":["post-94418","post","type-post","status-publish","format-standard","has-post-thumbnail","hentry","category-energia-i-medi-ambient","content-type-nota-premsa","wordpress-sticky"],"_links":{"self":[{"href":"https:\/\/www.fundacionnaturgy.org\/ca\/wp-json\/wp\/v2\/posts\/94418"}],"collection":[{"href":"https:\/\/www.fundacionnaturgy.org\/ca\/wp-json\/wp\/v2\/posts"}],"about":[{"href":"https:\/\/www.fundacionnaturgy.org\/ca\/wp-json\/wp\/v2\/types\/post"}],"author":[{"embeddable":true,"href":"https:\/\/www.fundacionnaturgy.org\/ca\/wp-json\/wp\/v2\/users\/1454"}],"replies":[{"embeddable":true,"href":"https:\/\/www.fundacionnaturgy.org\/ca\/wp-json\/wp\/v2\/comments?post=94418"}],"version-history":[{"count":0,"href":"https:\/\/www.fundacionnaturgy.org\/ca\/wp-json\/wp\/v2\/posts\/94418\/revisions"}],"wp:featuredmedia":[{"embeddable":true,"href":"https:\/\/www.fundacionnaturgy.org\/ca\/wp-json\/wp\/v2\/media\/94400"}],"wp:attachment":[{"href":"https:\/\/www.fundacionnaturgy.org\/ca\/wp-json\/wp\/v2\/media?parent=94418"}],"wp:term":[{"taxonomy":"category","embeddable":true,"href":"https:\/\/www.fundacionnaturgy.org\/ca\/wp-json\/wp\/v2\/categories?post=94418"},{"taxonomy":"post_tag","embeddable":true,"href":"https:\/\/www.fundacionnaturgy.org\/ca\/wp-json\/wp\/v2\/tags?post=94418"},{"taxonomy":"content-type","embeddable":true,"href":"https:\/\/www.fundacionnaturgy.org\/ca\/wp-json\/wp\/v2\/content-type?post=94418"}],"curies":[{"name":"wp","href":"https:\/\/api.w.org\/{rel}","templated":true}]}}