{"id":94524,"date":"2025-12-09T12:57:12","date_gmt":"2025-12-09T11:57:12","guid":{"rendered":"https:\/\/www.fundacionnaturgy.org\/fundacio-naturgy-llanca-la-setena-edicio-del-guardo-que-premia-lenergia-que-transforma-la-societat\/"},"modified":"2025-12-09T12:57:12","modified_gmt":"2025-12-09T11:57:12","slug":"fundacio-naturgy-llanca-la-setena-edicio-del-guardo-que-premia-lenergia-que-transforma-la-societat","status":"publish","type":"post","link":"https:\/\/www.fundacionnaturgy.org\/ca\/fundacio-naturgy-llanca-la-setena-edicio-del-guardo-que-premia-lenergia-que-transforma-la-societat\/","title":{"rendered":"Fundaci\u00f3 Naturgy llan\u00e7a la setena edici\u00f3 del guard\u00f3 que premia l\u2019energia que transforma la societat"},"content":{"rendered":"<div style=\"margin-top: 0px; margin-bottom: 0px;\" class=\"sharethis-inline-share-buttons\" ><\/div><p>Fundaci\u00f3 Naturgy ha llan\u00e7at la VII edici\u00f3 del seu Premi a la millor iniciativa social en l\u2019\u00e0mbit energ\u00e8tic, amb el qual reconeix les persones, les entitats i les institucions que destaquen per la seva contribuci\u00f3 en l\u2019\u00e0mbit social gr\u00e0cies als seus projectes vinculats a l\u2019energia, i els dona visibilitat. A aquest premi hi poden optar tots els projectes desenvolupats a Espanya, en marxa o acabats, que impliquin millores socials relacionades amb l\u2019energia, en els \u00e0mbits de la vulnerabilitat, la salut, l\u2019educaci\u00f3, la inclusi\u00f3 social, l\u2019emprenedoria o el medi ambient, entre d\u2019altres.<\/p>\n<p>Aquest premi t\u00e9 una dotaci\u00f3 econ\u00f2mica important, amb un primer premi de 100.000 euros a l\u2019entitat guanyadora, 50.000 euros per a l\u2019acc\u00e8ssit i fins a vuit reconeixements de 10.000 euros per als projectes finalistes.<\/p>\n<p>Mar\u00eda Eugenia Coronado, directora general de Fundaci\u00f3 Naturgy, explica que \u201camb aquesta setena edici\u00f3 reafirmem la nostra convicci\u00f3 que l\u2019energia pot ser un motor de transformaci\u00f3 social. Volem recon\u00e8ixer i donar visibilitat a projectes que no nom\u00e9s alleugen la vulnerabilitat energ\u00e8tica, sin\u00f3 que tamb\u00e9 creen oportunitats, inclusi\u00f3 i esperan\u00e7a per als qui m\u00e9s ho necessiten. Aquest guard\u00f3 \u00e9s una invitaci\u00f3 a continuar innovant i col\u00b7laborant per construir una societat m\u00e9s justa i sostenible\u201d. Per a Coronado, \u201ccada candidatura reflecteix l\u2019esfor\u00e7 i la creativitat d\u2019entitats que treballen dia a dia per millorar la vida de milers de persones, i el nostre comprom\u00eds \u00e9s acompanyar-les, donar-los veu i contribuir a fer que el seu impacte sigui encara m\u00e9s gran. Perqu\u00e8 darrere de cada projecte hi ha hist\u00f2ries reals que demostren que l\u2019energia, ben utilitzada, pot canviar vides\u201d.<\/p>\n<p>El jurat, presidit per\u00a0Manuel Bret\u00f3n, president de C\u00e1ritas Espa\u00f1ola, est\u00e0 format per\u00a0Jordi Garcia Tabernero, vicepresident de Fundaci\u00f3 Naturgy i del jurat, i com a vocals\u00a0Alberto N\u00fa\u00f1ez, S.J., professor del Departament de Direcci\u00f3 General i Estrat\u00e8gia d\u2019ESADE;\u00a0Llum Del\u00e0s, patrona de la Fundaci\u00f3 de l\u2019Esperan\u00e7a; el\u00a0pare \u00c1ngel Garc\u00eda\u00a0Rodr\u00edguez, fundador i president de Mensajeros de la Paz;\u00a0Josep Ramoneda, director de l\u2019Escola Europea d\u2019Humanitats de Barcelona;\u00a0Mar\u00eda del Mar Pageo, presidenta de Creu Roja Espanyola;\u00a0Gustavo Su\u00e1rez Pertierra, president d\u2019UNICEF Comit\u00e8 Espanyol;\u00a0Josep Mar\u00eda Coronas Guinart, director general de Fundaci\u00f3 Banc\u00e0ria \u201cla Caixa\u201d; i\u00a0Mar\u00eda Eugenia Coronado, directora general de Fundaci\u00f3 Naturgy.<\/p>\n<p>Les candidatures es poden presentar al\u00a0<a href=\"https:\/\/www.fundacionnaturgy.org\/premio-a-la-mejor-iniciativa-social-en-el-ambito-energetico\/\">web de Fundaci\u00f3 Naturgy<\/a>\u00a0fins al 28 de febrer de 2026.<\/p>\n<p><strong>Sis edicions i 422 candidatures<\/strong><\/p>\n<p>Les sis edicions pr\u00e8vies del Premi a la millor iniciativa social en l\u2019\u00e0mbit energ\u00e8tic han rebut 422 candidatures amb impacte sobre m\u00e9s d\u2019un mili\u00f3 de beneficiaris. Les iniciatives guanyadores en les edicions anteriors van ser l\u2019Associaci\u00f3 Provivienda, per la seva iniciativa \u2018Solucions per a l\u2019Estalvi Energ\u00e8tic a la Llar\u2019; Fundaci\u00f3 Energia Responsable, per la seva iniciativa d\u2019\u00e0mbit nacional centrada a garantir l\u2019acc\u00e9s a l\u2019energia a fam\u00edlies vulnerables amb un programa de lluita contra la pobresa energ\u00e8tica; Creu Roja Espanyola, pel seu projecte integral d\u2019atenci\u00f3 a les persones que es troben en risc d\u2019extrema pobresa i exclusi\u00f3; el projecte \u2018L\u2019acc\u00e9s a l\u2019energia\u2019 d\u2019Energia sense Fronteres; \u2018Endollats al treball\u2019, de Fundaci\u00f3 Exit; \u2018Contribuir a la millora social dels m\u00e9s vulnerables a Espanya, a trav\u00e9s de la formaci\u00f3\u2019 i \u2018Ni una llar sense energia\u2019, de Fundaci\u00f3 Ecologia i Desenvolupament (Ecodes).<\/p>\n<p>Per la seva banda, aquestes sis edicions, en la categoria d\u2019acc\u00e8ssit, van obtenir reconeixement la Fundaci\u00f3 Tomillo, pel seu projecte \u2018Joves vulnerables, agents de canvi social\u2019; C\u00e1ritas Diocesana de Madrid, per un projecte que engloba actuacions dirigides a reduir l\u2019impacte ambiental del treball de l\u2019entitat amb persones en situaci\u00f3 d\u2019exclusi\u00f3; el projecte \u2018Primera resllar sostenible d\u2019Espanya amb certificat Passivhaus per a persones amb discapacitat\u2019, de C\u00cdRVITE-Plena Inclusi\u00f3n; \u2018Generant futur\u2019, de l\u2019Associaci\u00f3 Norte Joven; \u2018Ajuda integral a la vulnerabilitat energ\u00e8tica\u2019, de Fundaci\u00f3 Roure; i el programa \u2018Educaci\u00f3 financera familiar i pobresa energ\u00e8tica\u2019, de la Fundaci\u00f3 de fam\u00edlies monoparentals Isadora Duncan.<\/p>\n","protected":false},"excerpt":{"rendered":"<p>La Fundaci\u00f3 llan\u00e7a una nova edici\u00f3 del seu premi que reconeix els projectes amb m\u00e9s impacte en la millora de la qualitat de vida de les persones m\u00e9s vulnerables.<\/p>\n","protected":false},"author":1454,"featured_media":94446,"comment_status":"closed","ping_status":"closed","sticky":false,"template":"","format":"standard","meta":{"inline_featured_image":false},"categories":[917],"tags":[],"content-type":[1222],"acf":[],"post_class":["post-94524","post","type-post","status-publish","format-standard","has-post-thumbnail","hentry","category-accio-social-ca","content-type-nota-premsa","wordpress-sticky"],"_links":{"self":[{"href":"https:\/\/www.fundacionnaturgy.org\/ca\/wp-json\/wp\/v2\/posts\/94524"}],"collection":[{"href":"https:\/\/www.fundacionnaturgy.org\/ca\/wp-json\/wp\/v2\/posts"}],"about":[{"href":"https:\/\/www.fundacionnaturgy.org\/ca\/wp-json\/wp\/v2\/types\/post"}],"author":[{"embeddable":true,"href":"https:\/\/www.fundacionnaturgy.org\/ca\/wp-json\/wp\/v2\/users\/1454"}],"replies":[{"embeddable":true,"href":"https:\/\/www.fundacionnaturgy.org\/ca\/wp-json\/wp\/v2\/comments?post=94524"}],"version-history":[{"count":0,"href":"https:\/\/www.fundacionnaturgy.org\/ca\/wp-json\/wp\/v2\/posts\/94524\/revisions"}],"wp:featuredmedia":[{"embeddable":true,"href":"https:\/\/www.fundacionnaturgy.org\/ca\/wp-json\/wp\/v2\/media\/94446"}],"wp:attachment":[{"href":"https:\/\/www.fundacionnaturgy.org\/ca\/wp-json\/wp\/v2\/media?parent=94524"}],"wp:term":[{"taxonomy":"category","embeddable":true,"href":"https:\/\/www.fundacionnaturgy.org\/ca\/wp-json\/wp\/v2\/categories?post=94524"},{"taxonomy":"post_tag","embeddable":true,"href":"https:\/\/www.fundacionnaturgy.org\/ca\/wp-json\/wp\/v2\/tags?post=94524"},{"taxonomy":"content-type","embeddable":true,"href":"https:\/\/www.fundacionnaturgy.org\/ca\/wp-json\/wp\/v2\/content-type?post=94524"}],"curies":[{"name":"wp","href":"https:\/\/api.w.org\/{rel}","templated":true}]}}