{"id":94644,"date":"2026-01-08T13:23:36","date_gmt":"2026-01-08T12:23:36","guid":{"rendered":"https:\/\/www.fundacionnaturgy.org\/fundacio-naturgy-i-caritas-atenen-80-000-persones-en-la-seva-lluita-contra-la-pobresa-energetica\/"},"modified":"2026-01-08T13:23:36","modified_gmt":"2026-01-08T12:23:36","slug":"fundacio-naturgy-i-caritas-atenen-80-000-persones-en-la-seva-lluita-contra-la-pobresa-energetica","status":"publish","type":"post","link":"https:\/\/www.fundacionnaturgy.org\/ca\/fundacio-naturgy-i-caritas-atenen-80-000-persones-en-la-seva-lluita-contra-la-pobresa-energetica\/","title":{"rendered":"Fundaci\u00f3 Naturgy i C\u00e0ritas atenen 80.000 persones en la seva lluita contra la pobresa energ\u00e8tica"},"content":{"rendered":"<div style=\"margin-top: 0px; margin-bottom: 0px;\" class=\"sharethis-inline-share-buttons\" ><\/div><p>Fundaci\u00f3 Naturgy i C\u00e0ritas han renovat el seu acord de col\u00b7laboraci\u00f3 per continuar treballant conjuntament en la lluita contra la pobresa energ\u00e8tica a Espanya. Aquesta cooperaci\u00f3, engegada el 2017, s\u2019ha consolidat com una eina clau per reduir l\u2019impacte de la vulnerabilitat energ\u00e8tica en m\u00e9s de 80.000 persones. A trav\u00e9s d\u2019iniciatives com tallers formatius i ajudes per augmentar l\u2019efici\u00e8ncia energ\u00e8tica a les llars, s\u2019ha aconseguit millorar la qualitat de vida de llars en situaci\u00f3 de vulnerabilitat. A m\u00e9s, s\u2019han instal\u00b7lat 15 projectes solars en centres residencials de C\u00e0ritas, amb l\u2019objectiu que l\u2019estalvi obtingut per l\u2019entitat reverteixi en ajudes a les persones que atenen.<\/p>\n<p>La renovaci\u00f3 de l\u2019acord permetr\u00e0 seguir impulsant accions en tot el territori nacional, amb especial atenci\u00f3 a les comunitats aut\u00f2nomes on la pobresa energ\u00e8tica t\u00e9 m\u00e9s incid\u00e8ncia. A m\u00e9s, es refor\u00e7ar\u00e0 la formaci\u00f3 en consum responsable i s\u2019ampliaran les auditories energ\u00e8tiques per identificar oportunitats d\u2019estalvi a les llars m\u00e9s vulnerables.<\/p>\n<p>Aix\u00ed mateix, C\u00e0ritas \u00e9s un actor clau en el nou programa \u2018Sumant Energies per Val\u00e8ncia\u2019 que Fundaci\u00f3 Naturgy ha posat en marxa per col\u00b7laborar en la fase de reconstrucci\u00f3 dels habitatges afectats per la DANA del 2024, amb intervencions en 40 habitatges ja en marxa. A m\u00e9s d\u2019aquestes activitats, l\u2019alian\u00e7a entre la fundaci\u00f3 i C\u00e0ritas tamb\u00e9 permet cooperar de manera \u00e0gil i r\u00e0pida en les campanyes d\u2019emerg\u00e8ncies que es van produint.<\/p>\n<p>Aix\u00ed mateix, els empleats de Naturgy participen en aquesta alian\u00e7a amb l\u2019activitat \u2018Quil\u00f2metres d\u2019energia solid\u00e0ria\u2019, que t\u00e9 lloc durant la Setmana del Voluntariat, amb la qual Fundaci\u00f3 Naturgy transforma en euros els quil\u00f2metres que els voluntaris, els seus familiars i amics fan caminant, corrent, anant en bici o nedant. Aix\u00f2 ha fet possible una donaci\u00f3 de 9.000 euros dirigida al Projecte d\u2019Alimentaci\u00f3 Saludable per a fam\u00edlies afectades per la DANA de C\u00e0ritas Diocesana de Conca, tot i que els voluntaris col\u00b7laboren en aquesta causa en diferents C\u00e0ritas Diocesanes d\u2019Espanya gr\u00e0cies a aquesta iniciativa des de fa sis anys.<\/p>\n<p>&#8220;Aquest acord reflecteix el nostre comprom\u00eds amb les persones que m\u00e9s ho necessiten, per ajudar-los a reduir la seva factura energ\u00e8tica i millorar la seva qualitat de vida&#8221;, ha afirmat <strong>Rafael Villaseca<\/strong>, president de Fundaci\u00f3 Naturgy. &#8220;Volem continuar treballant perqu\u00e8 l\u2019energia no sigui una barrera, sin\u00f3 una eina que millori la qualitat de vida i contribueixi a la inclusi\u00f3 social&#8221;.<\/p>\n<p>&#8220;Aquesta col\u00b7laboraci\u00f3 ens permet, any rere any, donar suport a situacions molt cr\u00edtiques, com la de diverses mares soles amb fills i problemes de salut importants, que no disposaven d\u2019electrodom\u00e8stics b\u00e0sics per a una vida digna. L&#8217;oportunitat que Fundaci\u00f3 Naturgy ofereix a aquestes fam\u00edlies t\u00e9 un impacte fonamental en el seu dia a dia i en la seva autoestima&#8221;, ha assenyalat\u00a0<strong>Manuel Bret\u00f3n<\/strong>,\u00a0president de C\u00e1ritas Espa\u00f1ola.<\/p>\n<p><strong>Accions amb impacte real en el benestar de les persones vulnerables<\/strong><\/p>\n<p>El IX Informe Foessa (Foment d\u2019Estudis Socials i Sociol\u00f2gics) de C\u00e0ritas ens parla d\u2019una realitat d\u2019una gravetat enorme: una de cada quatre llars a Espanya pateix greus problemes residencials i es detecta un augment significatiu del sobreesfor\u00e7 per pagar el lloguer, la inseguretat de no saber si renovaran el contracte, aix\u00ed com les condicions inadequades com l\u2019amuntegament o els habitatges en mal estat. Al seu torn, 1,8 milions de llars en vulnerabilitat energ\u00e8tica no poden mantenir el seu habitatge en condicions t\u00e8rmiques adequades. Aquesta realitat refor\u00e7a la idone\u00eftat dels programes de Fundaci\u00f3 Naturgy.<\/p>\n<p>El 2025, es van fer 422 actuacions en 388 immobles, el 95% de les quals en habitatges unifamiliars. D\u2019aquestes 422 actuacions, m\u00e9s del 80% han estat compra d\u2019electrodom\u00e8stics i elements de refrigeraci\u00f3 i calor. Petites actuacions amb un gran impacte, tenint en compte que la major part de les fam\u00edlies acompanyades viuen de lloguer, moltes de les quals en habitacions rellogades amb unes condicions de confort molt prec\u00e0ries i amb grans necessitats en mat\u00e8ria d\u2019efici\u00e8ncia energ\u00e8tica. Disposar d\u2019electrodom\u00e8stics eficients i aparells de fred i calor representa una millora molt notable en termes de temps emprat en les tasques de la llar, despesa energ\u00e8tica i confort t\u00e8rmic. En altres situacions, quan les persones s\u00f3n propiet\u00e0ries dels habitatges, s\u2019hi poden fer intervencions m\u00e9s importants, com millores en la instal\u00b7laci\u00f3 el\u00e8ctrica, a\u00efllaments i il\u00b7luminaci\u00f3, entre d\u2019altres.<\/p>\n<p>A m\u00e9s, el 2025 s\u2019han executat 5 projectes solars en centres residencials de les C\u00e0ritas d\u2019Almeria, Ciudad Real, Lle\u00f3, Vic i Madrid, amb m\u00e9s de 90 panells, que beneficien m\u00e9s de 500 persones.<\/p>\n<p><strong>La import\u00e0ncia de la cooperaci\u00f3 entre entitats\u00a0<\/strong><\/p>\n<p>La pobresa energ\u00e8tica continua sent un dels reptes socials m\u00e9s importants a Espanya i afecta milers de fam\u00edlies que no poden mantenir el seu habitatge a una temperatura adequada o afrontar el cost de l\u2019energia. Amb aquesta col\u00b7laboraci\u00f3, Fundaci\u00f3 Naturgy i C\u00e0ritas reafirmen el seu comprom\u00eds per seguir treballant en solucions que combinin solidaritat, efici\u00e8ncia i sostenibilitat, consolidant un model de cooperaci\u00f3 que contribueix a refor\u00e7ar el comprom\u00eds empresarial amb la societat i garantint que les persones m\u00e9s vulnerables tinguin acc\u00e9s a solucions que millorin el seu benestar i el seu futur.<\/p>\n<p>La renovaci\u00f3 de l\u2019acord s\u2019emmarca en l\u2019estrat\u00e8gia de Fundaci\u00f3 Naturgy per integrar la sostenibilitat social en la seva activitat, i complementa aix\u00ed les seves iniciatives en mat\u00e8ria d\u2019educaci\u00f3 i transici\u00f3 energ\u00e8tica amb accions que impacten directament en la qualitat de vida de les persones.<\/p>\n<p>A m\u00e9s, aquesta alian\u00e7a refor\u00e7a el comprom\u00eds de la fundaci\u00f3 amb l\u2019economia social i la col\u00b7laboraci\u00f3 publicoprivada, cosa que demostra que la cooperaci\u00f3 entre entitats \u00e9s fonamental per afrontar els reptes socials i mediambientals del present. La tasca que du a terme Fundaci\u00f3 Naturgy no seria possible sense la col\u00b7laboraci\u00f3 amb entitats del tercer sector, fundacions, centres educatius, empreses, universitats i administracions, amb les quals teixeix aliances per construir un futur millor. La suma de l\u2019esfor\u00e7 de tothom li permet continuar aportant valor per contribuir a la construcci\u00f3 d\u2019una societat m\u00e9s humana i sostenible.<\/p>\n","protected":false},"excerpt":{"rendered":"<p>El conveni entre les dues organitzacions, vigent des del 2017, dona suport a llars vulnerables de tot Espanya amb accions com ara mesures per millorar l\u2019efici\u00e8ncia energ\u00e8tica a les llars, formaci\u00f3 en h\u00e0bits de consum eficient, o la instal\u00b7laci\u00f3 de plaques solars en centres residencials de l\u2019entitat.<\/p>\n","protected":false},"author":1454,"featured_media":94629,"comment_status":"closed","ping_status":"closed","sticky":false,"template":"","format":"standard","meta":{"inline_featured_image":false},"categories":[917],"tags":[],"content-type":[1222],"acf":[],"post_class":["post-94644","post","type-post","status-publish","format-standard","has-post-thumbnail","hentry","category-accio-social-ca","content-type-nota-premsa","wordpress-sticky"],"_links":{"self":[{"href":"https:\/\/www.fundacionnaturgy.org\/ca\/wp-json\/wp\/v2\/posts\/94644"}],"collection":[{"href":"https:\/\/www.fundacionnaturgy.org\/ca\/wp-json\/wp\/v2\/posts"}],"about":[{"href":"https:\/\/www.fundacionnaturgy.org\/ca\/wp-json\/wp\/v2\/types\/post"}],"author":[{"embeddable":true,"href":"https:\/\/www.fundacionnaturgy.org\/ca\/wp-json\/wp\/v2\/users\/1454"}],"replies":[{"embeddable":true,"href":"https:\/\/www.fundacionnaturgy.org\/ca\/wp-json\/wp\/v2\/comments?post=94644"}],"version-history":[{"count":0,"href":"https:\/\/www.fundacionnaturgy.org\/ca\/wp-json\/wp\/v2\/posts\/94644\/revisions"}],"wp:featuredmedia":[{"embeddable":true,"href":"https:\/\/www.fundacionnaturgy.org\/ca\/wp-json\/wp\/v2\/media\/94629"}],"wp:attachment":[{"href":"https:\/\/www.fundacionnaturgy.org\/ca\/wp-json\/wp\/v2\/media?parent=94644"}],"wp:term":[{"taxonomy":"category","embeddable":true,"href":"https:\/\/www.fundacionnaturgy.org\/ca\/wp-json\/wp\/v2\/categories?post=94644"},{"taxonomy":"post_tag","embeddable":true,"href":"https:\/\/www.fundacionnaturgy.org\/ca\/wp-json\/wp\/v2\/tags?post=94644"},{"taxonomy":"content-type","embeddable":true,"href":"https:\/\/www.fundacionnaturgy.org\/ca\/wp-json\/wp\/v2\/content-type?post=94644"}],"curies":[{"name":"wp","href":"https:\/\/api.w.org\/{rel}","templated":true}]}}