{"id":94951,"date":"2026-03-10T11:36:42","date_gmt":"2026-03-10T10:36:42","guid":{"rendered":"https:\/\/www.fundacionnaturgy.org\/espanya-i-europa-davant-la-volatilitat-energetica-renovables-regulacio-i-inversio-com-a-palanques\/"},"modified":"2026-03-10T11:36:42","modified_gmt":"2026-03-10T10:36:42","slug":"espanya-i-europa-davant-la-volatilitat-energetica-renovables-regulacio-i-inversio-com-a-palanques","status":"publish","type":"post","link":"https:\/\/www.fundacionnaturgy.org\/ca\/espanya-i-europa-davant-la-volatilitat-energetica-renovables-regulacio-i-inversio-com-a-palanques\/","title":{"rendered":"Espanya i Europa, davant la volatilitat energ\u00e8tica: renovables, regulaci\u00f3 i inversi\u00f3 com a palanques"},"content":{"rendered":"<div style=\"margin-top: 0px; margin-bottom: 0px;\" class=\"sharethis-inline-share-buttons\" ><\/div><p><strong>Kadri Simson<\/strong>, excomiss\u00e0ria europea d&#8217;Energia durant el mandat de la primera Comissi\u00f3 Von der Leyen, i\u00a0<strong>Raymond Torres<\/strong>, director de Conjuntura Econ\u00f2mica de Funcas i de l&#8217;Observatori Funcas Europe, han protagonitzat la 22a sessi\u00f3 de confer\u00e8ncies d&#8217;alt nivell de l&#8217;any organitzades per Fundaci\u00f3 Naturgy i IESE Business School. En aquesta nova edici\u00f3, els convidats han compartit en un col\u00b7loqui \u2014moderat per\u00a0<strong>Edi Soler<\/strong>, professor agregat de la Pr\u00e0ctica de la Direcci\u00f3 del Departament de Comptabilitat i Control d\u2019IESE Business School\u2014 la seva visi\u00f3 sobre l\u2019estat de l\u2019economia mundial i les seves implicacions per al futur de l\u2019energia.<\/p>\n<p><strong>Kadri Simson<\/strong> feia refer\u00e8ncia al fet que \u201cdurant molt de temps, el debat pol\u00edtic a Europa es va centrar en la disjuntiva entre preus assequibles o seguretat del subministrament. Abans del 2022, l\u2019agenda energ\u00e8tica europea prioritzava els costos baixos enfront de la independ\u00e8ncia estrat\u00e8gica. Aproximadament el 20% de les importacions energ\u00e8tiques d&#8217;Europa procedien de R\u00fassia i, aquell any, despr\u00e9s de les tensions amb els prove\u00efdors de gas, Europa va pagar prop de 640.000 milions d&#8217;euros en combustibles f\u00f2ssils. A partir d\u2019aquesta crisi, la pol\u00edtica energ\u00e8tica va comen\u00e7ar a posar esment estrat\u00e8gicament en tres elements: seguretat, preus i sostenibilitat\u201d.<\/p>\n<p>Per a Simson, \u201cs\u00ed que hi ha consens en les lleis clim\u00e0tiques, per\u00f2 la q\u00fcesti\u00f3 clau \u00e9s si Europa ser\u00e0 capa\u00e7 de complir-les. Un dels objectius fonamentals \u00e9s no tornar a dependre estrat\u00e8gicament d\u2019altres pa\u00efsos, com va passar en el passat. Els mercats energ\u00e8tics continuen sent vol\u00e0tils a causa de les tensions geopol\u00edtiques, per exemple, al golf P\u00e8rsic. No obstant aix\u00f2, tamb\u00e9 s\u2019han produ\u00eft aven\u00e7os. El preu del barril \u00e9s actualment d\u2019uns 56 d\u00f2lars, enfront dels aproximadament 100 d\u00f2lars del 2020, la qual cosa reflecteix un cert progr\u00e9s en l&#8217;estabilitzaci\u00f3 del mercat. A m\u00e9s, el 2025 les energies renovables van superar per primera vegada els combustibles f\u00f2ssils a Europa, fet que es considera un dels grans \u00e8xits energ\u00e8tics del continent\u201d.<\/p>\n<p>Kadri Simson ha ressaltat que \u201cun dels principals desafiaments \u00e9s substituir el gas importat per gas produ\u00eft a Europa. En aquest sentit, el biomet\u00e0 apareix com una de les alternatives m\u00e9s prometedores. El biomet\u00e0 es produeix en s\u00f2l europeu, es pot transportar a trav\u00e9s dels gasoductes actuals i representa una opci\u00f3 m\u00e9s neta i econ\u00f2micament viable. Europa no pot substituir una depend\u00e8ncia estrat\u00e8gica per una altra, especialment en un context de noves amenaces com ara les tensions comercials o els aranzels. Per aix\u00f2, \u00e9s fonamental desenvolupar pol\u00edtiques energ\u00e8tiques s\u00f2lides i sostingudes que redueixin l\u2019\u00fas de combustibles f\u00f2ssils i millorin el rendiment econ\u00f2mic\u201d.<\/p>\n<p>Malgrat aix\u00f2, Simson comentava que \u201cla ind\u00fastria europea afronta un problema clar de competitivitat energ\u00e8tica. Els preus de l\u2019energia a Europa s\u00f3n aproximadament el doble que als Estats Units i tamb\u00e9 m\u00e9s alts que a la Xina. Per abordar aquest desafiament, es planteja accelerar la transici\u00f3 cap a l\u2019energia verda, impulsar l\u2019electrificaci\u00f3 i la descarbonitzaci\u00f3 industrial, combatre la compet\u00e8ncia deslleial internacional i protegir, alhora, la ind\u00fastria europea\u201d.<\/p>\n<p>En definitiva, l\u2019excomiss\u00e0ria europea d\u2019Energia acabava afirmant que \u201cla transici\u00f3 energ\u00e8tica \u00e9s inevitable i necess\u00e0ria. I la q\u00fcesti\u00f3 energ\u00e8tica continua sent un dels temes centrals del debat europeu. Europa importa prop del 90% del petroli i del gas que consumeix i seguir\u00e0 estant exposada a mercats vol\u00e0tils. Tanmateix, s&#8217;han fet passos importants per refor\u00e7ar la seguretat energ\u00e8tica, com ara noves normes d&#8217;emmagatzematge de gas o acords internacionals per diversificar els prove\u00efdors. El repte ara \u00e9s mantenir l\u2019impuls i no caure en la complaen\u00e7a. Com s\u2019ha assenyalat, Europa es troba avui en una situaci\u00f3 millor que la del 2022, per\u00f2 el veritable desafiament ser\u00e0 mantenir el rumb cap a una transici\u00f3 energ\u00e8tica que combini seguretat, sostenibilitat i competitivitat\u201d.<strong>\u00a0<\/strong><\/p>\n<p>Durant la seva intervenci\u00f3, <strong>Raymond Torres<\/strong> ha volgut destacar que \u201cfa almenys deu anys que parlem d\u2019energies renovables i independ\u00e8ncia energ\u00e8tica d\u2019Europa i, si mirem les dades, per exemple, en termes de generaci\u00f3 d\u2019electricitat, en el cas d\u2019Espanya estar\u00edem aproximadament en el 59% de producci\u00f3 el\u00e8ctrica que prov\u00e9 d\u2019energies renovables. Malgrat tot, els vaivens de la conjuntura internacional ens afecten en gran manera. Sigui quina sigui la crisi o el seu origen, t\u00e9 una especial incid\u00e8ncia i, en aquest moment, arran del conflicte a l\u2019Iran, el que estem observant \u00e9s un encariment de l\u2019energia per a les empreses i per a la ciutadania a Europa superior al d\u2019altres llocs, per exemple, els Estats Units. \u00c9s a dir, hi ha una mena de tensi\u00f3 i de contradicci\u00f3\u201d.<\/p>\n<p>Torres indicava que aquesta paradoxa tenia relaci\u00f3 amb tres elements espec\u00edfics: \u201cel primer \u00e9s un d\u00e8ficit d\u2019inversi\u00f3. Europa inverteix cada any aproximadament 1,5 punts del PIB menys que els Estats Units i arrossega des de fa com a m\u00ednim deu anys, des de la crisi financera, un d\u00e8ficit d\u2019inversi\u00f3 molt important; el segon element t\u00e9 a veure amb la competitivitat i, en particular, amb els preus de l\u2019energia. En termes generals, no hi ha un problema estructural de competitivitat a Europa. Si analitzem indicadors com els costos laborals unitaris, en molts casos han crescut al mateix ritme o, fins i tot, una mica menys que als Estats Units. No obstant aix\u00f2, s\u00ed que tenim un problema de competitivitat en termes de preus energ\u00e8tics a Europa, si b\u00e9 \u00e9s cert que la situaci\u00f3 d\u2019Espanya \u00e9s diferent, ja que el preu de l\u2019electricitat se situa aproximadament un 20% per sota de la mitjana europea; i el tercer element est\u00e0 relacionat amb la regulaci\u00f3 i la previsibilitat. Continuem observant una coincid\u00e8ncia molt clara entre les variacions de la cotitzaci\u00f3 del gas i les variacions del preu de l\u2019electricitat, incl\u00fas en el molt curt termini. Aix\u00f2 introdueix una gran volatilitat en els preus energ\u00e8tics i mant\u00e9 una vulnerabilitat que persisteix fins i tot quan augmenta el pes de les energies renovables\u201d.<\/p>\n<p>A m\u00e9s, Torres tamb\u00e9 ha volgut centrar l\u2019atenci\u00f3 en el biomet\u00e0 com a alternativa per resoldre el trilema energ\u00e8tic. \u201cAlgunes tecnologies poden contribuir a resoldre\u2019l. L&#8217;energia nuclear, per exemple, pot ser part de la soluci\u00f3 en alguns pa\u00efsos, per\u00f2 tamb\u00e9 ho poden ser altres alternatives com el biomet\u00e0, que pot ajudar a refor\u00e7ar la seguretat del subministrament i avan\u00e7ar en la transici\u00f3 energ\u00e8tica. L\u2019important \u00e9s que qualsevol decisi\u00f3 es prengui amb una certa previsibilitat, perqu\u00e8 els inversors necessiten saber quin ser\u00e0 l\u2019escenari energ\u00e8tic en els anys vinents\u201d.<\/p>\n<p>Per concloure la seva intervenci\u00f3 amb aspectes positius, Torres ha afirmat que \u201ctot i aix\u00f2, hi ha motius per a un cert optimisme. Si fa cinc anys ens haguessin preguntat com resistiria Europa una crisi energ\u00e8tica, la invasi\u00f3 d\u2019Ucra\u00efna, les tensions comercials i les noves crisis geopol\u00edtiques, probablement haur\u00edem previst un resultat molt pitjor. L\u2019economia europea ha demostrat una resili\u00e8ncia notable. I la segona ra\u00f3 per a l\u2019optimisme \u00e9s que, quan Europa necessita alguna cosa, la urg\u00e8ncia aflora. En molts casos sabem quines s\u00f3n les solucions; all\u00f2 que ens cal \u00e9s aquest sentiment d\u2019emerg\u00e8ncia per mobilitzar la inversi\u00f3, refor\u00e7ar la integraci\u00f3 del mercat i avan\u00e7ar en la transici\u00f3 energ\u00e8tica\u201d.<\/p>\n<p>Al comen\u00e7ament de la sessi\u00f3 ha estat present\u00a0<strong>Rafael Villaseca<\/strong>, president de Fundaci\u00f3 Naturgy, qui ha afirmat que \u201ctraslladar a totes les persones interessades en el m\u00f3n energ\u00e8tic una visi\u00f3 de profunditat i abast, oferta per personalitats rellevants del m\u00f3n de l\u2019economia, de l\u2019energia i de l\u2019empresa, \u00e9s un dels objectius fonamentals de la Fundaci\u00f3\u201d.<\/p>\n<p>Villaseca afegia que \u201c\u00e9s gaireb\u00e9 impossible pensar en crisis econ\u00f2miques sense parlar d\u2019energia. L\u2019impacte que l\u2019energia ha tingut en les crisis econ\u00f2miques, o la crisi econ\u00f2mica en l\u2019energia, ha estat i continua sent determinant. El trilema del sector energ\u00e8tic est\u00e0, una vegada m\u00e9s, alterat per factors geoestrat\u00e8gics, amb el preu disparat i la seguretat en dubte; avui, la confian\u00e7a que aquestes situacions es reverteixin \u00e9s un gran interrogant\u201d.<\/p>\n","protected":false},"excerpt":{"rendered":"<p>Kadri Simson i Raymond Torres han protagonitzat una nova sessi\u00f3 d\u2019aquestes confer\u00e8ncies d\u2019alt nivell, en la qual s\u2019han centrat a analitzar com refor\u00e7ar la seguretat i la competitivitat d\u2019Espanya i Europa davant la volatilitat energ\u00e8tica mitjan\u00e7ant renovables, regulaci\u00f3 i inversi\u00f3.<\/p>\n","protected":false},"author":1454,"featured_media":94917,"comment_status":"closed","ping_status":"closed","sticky":false,"template":"","format":"standard","meta":{"inline_featured_image":false},"categories":[240],"tags":[],"content-type":[1222],"acf":[],"post_class":["post-94951","post","type-post","status-publish","format-standard","has-post-thumbnail","hentry","category-energia-i-medi-ambient","content-type-nota-premsa","wordpress-sticky"],"_links":{"self":[{"href":"https:\/\/www.fundacionnaturgy.org\/ca\/wp-json\/wp\/v2\/posts\/94951"}],"collection":[{"href":"https:\/\/www.fundacionnaturgy.org\/ca\/wp-json\/wp\/v2\/posts"}],"about":[{"href":"https:\/\/www.fundacionnaturgy.org\/ca\/wp-json\/wp\/v2\/types\/post"}],"author":[{"embeddable":true,"href":"https:\/\/www.fundacionnaturgy.org\/ca\/wp-json\/wp\/v2\/users\/1454"}],"replies":[{"embeddable":true,"href":"https:\/\/www.fundacionnaturgy.org\/ca\/wp-json\/wp\/v2\/comments?post=94951"}],"version-history":[{"count":0,"href":"https:\/\/www.fundacionnaturgy.org\/ca\/wp-json\/wp\/v2\/posts\/94951\/revisions"}],"wp:featuredmedia":[{"embeddable":true,"href":"https:\/\/www.fundacionnaturgy.org\/ca\/wp-json\/wp\/v2\/media\/94917"}],"wp:attachment":[{"href":"https:\/\/www.fundacionnaturgy.org\/ca\/wp-json\/wp\/v2\/media?parent=94951"}],"wp:term":[{"taxonomy":"category","embeddable":true,"href":"https:\/\/www.fundacionnaturgy.org\/ca\/wp-json\/wp\/v2\/categories?post=94951"},{"taxonomy":"post_tag","embeddable":true,"href":"https:\/\/www.fundacionnaturgy.org\/ca\/wp-json\/wp\/v2\/tags?post=94951"},{"taxonomy":"content-type","embeddable":true,"href":"https:\/\/www.fundacionnaturgy.org\/ca\/wp-json\/wp\/v2\/content-type?post=94951"}],"curies":[{"name":"wp","href":"https:\/\/api.w.org\/{rel}","templated":true}]}}